{"id":3436,"date":"2019-12-23T07:56:20","date_gmt":"2019-12-23T07:56:20","guid":{"rendered":"https:\/\/aurora-kaas.com\/?p=3436"},"modified":"2023-06-22T09:25:48","modified_gmt":"2023-06-22T09:25:48","slug":"dezember-2019-oeffnung-werksverkaufsladen-kranenburg","status":"publish","type":"post","link":"https:\/\/aurora-kaas.com\/de\/dezember-2019-oeffnung-werksverkaufsladen-kranenburg\/","title":{"rendered":"Dezember 2019: \u00d6ffnung Werksverkaufsladen Kranenburg"},"content":{"rendered":"\n<p><strong>Es ist soweit!<\/strong><\/p>\n\n\n\n<p>Am 6. Dezember um 10 Uhr er\u00f6ffnen wir unseren Werksverkaufsladen \u2013 direkt an der neuen K\u00e4serei im Kranenburg.<\/p>\n\n\n\n<p>Wir bieten Euch eine gro\u00dfe Auswahl aus unserem BIO Gouda K\u00e4sesortiment \u2013 Am Freitag und Samstag alle Sorten f\u00fcr 13,50\u20ac\/kg (regul\u00e4r 15\u20ac\/kg).<\/p>\n\n\n\n<p>Dazu gibt es besondere BIO Senfsorten, Honig, Wein und praktisches K\u00e4sezubeh\u00f6r.<\/p>\n\n\n\n<p>\u00d6ffnungszeiten: Freitag 10-18 Uhr und Samstag: 9-14 Uhr<\/p>\n\n\n\n<p>Wir freuen uns auf eueren Besuch!<\/p>\n\n\n\n<p>Adres: Im Hammereisen 55<br>&nbsp; &nbsp; &nbsp; &nbsp; &nbsp; &nbsp; &nbsp;D-47559 Kranenburg<\/p>\n","protected":false},"excerpt":{"rendered":"<p>Es ist soweit! Am 6. Dezember um 10 Uhr er\u00f6ffnen wir unseren Werksverkaufsladen \u2013 direkt an der neuen K\u00e4serei im Kranenburg. Wir bieten Euch eine gro\u00dfe Auswahl aus unserem BIO Gouda K\u00e4sesortiment \u2013 Am Freitag und Samstag alle Sorten f\u00fcr 13,50\u20ac\/kg (regul\u00e4r 15\u20ac\/kg). Dazu gibt es besondere BIO Senfsorten, Honig, Wein und praktisches K\u00e4sezubeh\u00f6r. \u00d6ffnungszeiten:&#8230;<\/p>\n","protected":false},"author":3,"featured_media":1991,"comment_status":"open","ping_status":"open","sticky":false,"template":"","format":"standard","meta":{"inline_featured_image":false,"_kad_blocks_custom_css":"","_kad_blocks_head_custom_js":"","_kad_blocks_body_custom_js":"","_kad_blocks_footer_custom_js":"","_kadence_starter_templates_imported_post":false,"_kad_post_transparent":"","_kad_post_title":"","_kad_post_layout":"","_kad_post_sidebar_id":"","_kad_post_content_style":"","_kad_post_vertical_padding":"","_kad_post_feature":"","_kad_post_feature_position":"","_kad_post_header":false,"_kad_post_footer":false,"_kad_post_classname":"","footnotes":""},"categories":[249,63],"tags":[],"class_list":["post-3436","post","type-post","status-publish","format-standard","has-post-thumbnail","hentry","category-neuigkeiten","category-neuigkeiten-old"],"yoast_head":"<!-- This site is optimized with the Yoast SEO plugin v27.4 - https:\/\/yoast.com\/product\/yoast-seo-wordpress\/ -->\n<title>Dezember 2019: \u00d6ffnung Werksverkaufsladen Kranenburg - Aurora kaas<\/title>\n<meta name=\"robots\" content=\"index, follow, max-snippet:-1, max-image-preview:large, max-video-preview:-1\" \/>\n<link rel=\"canonical\" href=\"https:\/\/aurora-kaas.com\/de\/dezember-2019-oeffnung-werksverkaufsladen-kranenburg\/\" \/>\n<meta property=\"og:locale\" content=\"de_DE\" \/>\n<meta property=\"og:type\" content=\"article\" \/>\n<meta property=\"og:title\" content=\"Dezember 2019: \u00d6ffnung Werksverkaufsladen Kranenburg - Aurora kaas\" \/>\n<meta property=\"og:description\" content=\"Es ist soweit! Am 6. Dezember um 10 Uhr er\u00f6ffnen wir unseren Werksverkaufsladen \u2013 direkt an der neuen K\u00e4serei im Kranenburg. Wir bieten Euch eine gro\u00dfe Auswahl aus unserem BIO Gouda K\u00e4sesortiment \u2013 Am Freitag und Samstag alle Sorten f\u00fcr 13,50\u20ac\/kg (regul\u00e4r 15\u20ac\/kg). Dazu gibt es besondere BIO Senfsorten, Honig, Wein und praktisches K\u00e4sezubeh\u00f6r. \u00d6ffnungszeiten:...\" \/>\n<meta property=\"og:url\" content=\"https:\/\/aurora-kaas.com\/de\/dezember-2019-oeffnung-werksverkaufsladen-kranenburg\/\" \/>\n<meta property=\"og:site_name\" content=\"Aurora kaas\" \/>\n<meta property=\"article:publisher\" content=\"https:\/\/www.facebook.com\/auroracheese\" \/>\n<meta property=\"article:published_time\" content=\"2019-12-23T07:56:20+00:00\" \/>\n<meta property=\"article:modified_time\" content=\"2023-06-22T09:25:48+00:00\" \/>\n<meta property=\"og:image\" content=\"https:\/\/aurora-kaas.com\/wp-content\/uploads\/2022\/04\/aurora-dezember-offnung.jpeg\" \/>\n\t<meta property=\"og:image:width\" content=\"300\" \/>\n\t<meta property=\"og:image:height\" content=\"200\" \/>\n\t<meta property=\"og:image:type\" content=\"image\/jpeg\" \/>\n<meta name=\"author\" content=\"Esther\" \/>\n<meta name=\"twitter:card\" content=\"summary_large_image\" \/>\n<meta name=\"twitter:label1\" content=\"Verfasst von\" \/>\n\t<meta name=\"twitter:data1\" content=\"Esther\" \/>\n<script type=\"application\/ld+json\" class=\"yoast-schema-graph\">{\"@context\":\"https:\\\/\\\/schema.org\",\"@graph\":[{\"@type\":\"Article\",\"@id\":\"https:\\\/\\\/aurora-kaas.com\\\/de\\\/dezember-2019-oeffnung-werksverkaufsladen-kranenburg\\\/#article\",\"isPartOf\":{\"@id\":\"https:\\\/\\\/aurora-kaas.com\\\/de\\\/dezember-2019-oeffnung-werksverkaufsladen-kranenburg\\\/\"},\"author\":{\"name\":\"Esther\",\"@id\":\"https:\\\/\\\/aurora-kaas.com\\\/de\\\/#\\\/schema\\\/person\\\/c3875d789137a2507c8bea05ee8808bd\"},\"headline\":\"Dezember 2019: \u00d6ffnung Werksverkaufsladen Kranenburg\",\"datePublished\":\"2019-12-23T07:56:20+00:00\",\"dateModified\":\"2023-06-22T09:25:48+00:00\",\"mainEntityOfPage\":{\"@id\":\"https:\\\/\\\/aurora-kaas.com\\\/de\\\/dezember-2019-oeffnung-werksverkaufsladen-kranenburg\\\/\"},\"wordCount\":88,\"commentCount\":0,\"publisher\":{\"@id\":\"https:\\\/\\\/aurora-kaas.com\\\/de\\\/#organization\"},\"image\":{\"@id\":\"https:\\\/\\\/aurora-kaas.com\\\/de\\\/dezember-2019-oeffnung-werksverkaufsladen-kranenburg\\\/#primaryimage\"},\"thumbnailUrl\":\"https:\\\/\\\/aurora-kaas.com\\\/wp-content\\\/uploads\\\/2022\\\/04\\\/aurora-dezember-offnung.jpeg\",\"articleSection\":[\"Neuigkeiten\",\"Neuigkeiten-old\"],\"inLanguage\":\"de\",\"potentialAction\":[{\"@type\":\"CommentAction\",\"name\":\"Comment\",\"target\":[\"https:\\\/\\\/aurora-kaas.com\\\/de\\\/dezember-2019-oeffnung-werksverkaufsladen-kranenburg\\\/#respond\"]}]},{\"@type\":\"WebPage\",\"@id\":\"https:\\\/\\\/aurora-kaas.com\\\/de\\\/dezember-2019-oeffnung-werksverkaufsladen-kranenburg\\\/\",\"url\":\"https:\\\/\\\/aurora-kaas.com\\\/de\\\/dezember-2019-oeffnung-werksverkaufsladen-kranenburg\\\/\",\"name\":\"Dezember 2019: \u00d6ffnung Werksverkaufsladen Kranenburg - Aurora kaas\",\"isPartOf\":{\"@id\":\"https:\\\/\\\/aurora-kaas.com\\\/de\\\/#website\"},\"primaryImageOfPage\":{\"@id\":\"https:\\\/\\\/aurora-kaas.com\\\/de\\\/dezember-2019-oeffnung-werksverkaufsladen-kranenburg\\\/#primaryimage\"},\"image\":{\"@id\":\"https:\\\/\\\/aurora-kaas.com\\\/de\\\/dezember-2019-oeffnung-werksverkaufsladen-kranenburg\\\/#primaryimage\"},\"thumbnailUrl\":\"https:\\\/\\\/aurora-kaas.com\\\/wp-content\\\/uploads\\\/2022\\\/04\\\/aurora-dezember-offnung.jpeg\",\"datePublished\":\"2019-12-23T07:56:20+00:00\",\"dateModified\":\"2023-06-22T09:25:48+00:00\",\"breadcrumb\":{\"@id\":\"https:\\\/\\\/aurora-kaas.com\\\/de\\\/dezember-2019-oeffnung-werksverkaufsladen-kranenburg\\\/#breadcrumb\"},\"inLanguage\":\"de\",\"potentialAction\":[{\"@type\":\"ReadAction\",\"target\":[\"https:\\\/\\\/aurora-kaas.com\\\/de\\\/dezember-2019-oeffnung-werksverkaufsladen-kranenburg\\\/\"]}]},{\"@type\":\"ImageObject\",\"inLanguage\":\"de\",\"@id\":\"https:\\\/\\\/aurora-kaas.com\\\/de\\\/dezember-2019-oeffnung-werksverkaufsladen-kranenburg\\\/#primaryimage\",\"url\":\"https:\\\/\\\/aurora-kaas.com\\\/wp-content\\\/uploads\\\/2022\\\/04\\\/aurora-dezember-offnung.jpeg\",\"contentUrl\":\"https:\\\/\\\/aurora-kaas.com\\\/wp-content\\\/uploads\\\/2022\\\/04\\\/aurora-dezember-offnung.jpeg\",\"width\":300,\"height\":200},{\"@type\":\"BreadcrumbList\",\"@id\":\"https:\\\/\\\/aurora-kaas.com\\\/de\\\/dezember-2019-oeffnung-werksverkaufsladen-kranenburg\\\/#breadcrumb\",\"itemListElement\":[{\"@type\":\"ListItem\",\"position\":1,\"name\":\"Startseite\",\"item\":\"https:\\\/\\\/aurora-kaas.com\\\/de\\\/\"},{\"@type\":\"ListItem\",\"position\":2,\"name\":\"Dezember 2019: \u00d6ffnung Werksverkaufsladen Kranenburg\"}]},{\"@type\":\"WebSite\",\"@id\":\"https:\\\/\\\/aurora-kaas.com\\\/de\\\/#website\",\"url\":\"https:\\\/\\\/aurora-kaas.com\\\/de\\\/\",\"name\":\"Aurora Kaas\",\"description\":\"Biok\u00e4se vom Niederrhein\",\"publisher\":{\"@id\":\"https:\\\/\\\/aurora-kaas.com\\\/de\\\/#organization\"},\"potentialAction\":[{\"@type\":\"SearchAction\",\"target\":{\"@type\":\"EntryPoint\",\"urlTemplate\":\"https:\\\/\\\/aurora-kaas.com\\\/de\\\/?s={search_term_string}\"},\"query-input\":{\"@type\":\"PropertyValueSpecification\",\"valueRequired\":true,\"valueName\":\"search_term_string\"}}],\"inLanguage\":\"de\"},{\"@type\":\"Organization\",\"@id\":\"https:\\\/\\\/aurora-kaas.com\\\/de\\\/#organization\",\"name\":\"Aurora Kaas GmbH\",\"url\":\"https:\\\/\\\/aurora-kaas.com\\\/de\\\/\",\"logo\":{\"@type\":\"ImageObject\",\"inLanguage\":\"de\",\"@id\":\"https:\\\/\\\/aurora-kaas.com\\\/de\\\/#\\\/schema\\\/logo\\\/image\\\/\",\"url\":\"https:\\\/\\\/aurora-kaas.com\\\/wp-content\\\/uploads\\\/2022\\\/03\\\/logo.svg\",\"contentUrl\":\"https:\\\/\\\/aurora-kaas.com\\\/wp-content\\\/uploads\\\/2022\\\/03\\\/logo.svg\",\"width\":155,\"height\":82,\"caption\":\"Aurora Kaas GmbH\"},\"image\":{\"@id\":\"https:\\\/\\\/aurora-kaas.com\\\/de\\\/#\\\/schema\\\/logo\\\/image\\\/\"},\"sameAs\":[\"https:\\\/\\\/www.facebook.com\\\/auroracheese\",\"https:\\\/\\\/www.instagram.com\\\/aurora_kaas\\\/\"]},{\"@type\":\"Person\",\"@id\":\"https:\\\/\\\/aurora-kaas.com\\\/de\\\/#\\\/schema\\\/person\\\/c3875d789137a2507c8bea05ee8808bd\",\"name\":\"Esther\",\"image\":{\"@type\":\"ImageObject\",\"inLanguage\":\"de\",\"@id\":\"https:\\\/\\\/secure.gravatar.com\\\/avatar\\\/08285fbbd52e0f051a9049be5828bd9bba576d99c3acd2b7eb12b00e7027b727?s=96&d=mm&r=g\",\"url\":\"https:\\\/\\\/secure.gravatar.com\\\/avatar\\\/08285fbbd52e0f051a9049be5828bd9bba576d99c3acd2b7eb12b00e7027b727?s=96&d=mm&r=g\",\"contentUrl\":\"https:\\\/\\\/secure.gravatar.com\\\/avatar\\\/08285fbbd52e0f051a9049be5828bd9bba576d99c3acd2b7eb12b00e7027b727?s=96&d=mm&r=g\",\"caption\":\"Esther\"},\"url\":\"https:\\\/\\\/aurora-kaas.com\\\/de\\\/author\\\/esther\\\/\"}]}<\/script>\n<!-- \/ Yoast SEO plugin. -->","yoast_head_json":{"title":"Dezember 2019: \u00d6ffnung Werksverkaufsladen Kranenburg - Aurora kaas","robots":{"index":"index","follow":"follow","max-snippet":"max-snippet:-1","max-image-preview":"max-image-preview:large","max-video-preview":"max-video-preview:-1"},"canonical":"https:\/\/aurora-kaas.com\/de\/dezember-2019-oeffnung-werksverkaufsladen-kranenburg\/","og_locale":"de_DE","og_type":"article","og_title":"Dezember 2019: \u00d6ffnung Werksverkaufsladen Kranenburg - Aurora kaas","og_description":"Es ist soweit! Am 6. Dezember um 10 Uhr er\u00f6ffnen wir unseren Werksverkaufsladen \u2013 direkt an der neuen K\u00e4serei im Kranenburg. Wir bieten Euch eine gro\u00dfe Auswahl aus unserem BIO Gouda K\u00e4sesortiment \u2013 Am Freitag und Samstag alle Sorten f\u00fcr 13,50\u20ac\/kg (regul\u00e4r 15\u20ac\/kg). Dazu gibt es besondere BIO Senfsorten, Honig, Wein und praktisches K\u00e4sezubeh\u00f6r. \u00d6ffnungszeiten:...","og_url":"https:\/\/aurora-kaas.com\/de\/dezember-2019-oeffnung-werksverkaufsladen-kranenburg\/","og_site_name":"Aurora kaas","article_publisher":"https:\/\/www.facebook.com\/auroracheese","article_published_time":"2019-12-23T07:56:20+00:00","article_modified_time":"2023-06-22T09:25:48+00:00","og_image":[{"width":300,"height":200,"url":"https:\/\/aurora-kaas.com\/wp-content\/uploads\/2022\/04\/aurora-dezember-offnung.jpeg","type":"image\/jpeg"}],"author":"Esther","twitter_card":"summary_large_image","twitter_misc":{"Verfasst von":"Esther"},"schema":{"@context":"https:\/\/schema.org","@graph":[{"@type":"Article","@id":"https:\/\/aurora-kaas.com\/de\/dezember-2019-oeffnung-werksverkaufsladen-kranenburg\/#article","isPartOf":{"@id":"https:\/\/aurora-kaas.com\/de\/dezember-2019-oeffnung-werksverkaufsladen-kranenburg\/"},"author":{"name":"Esther","@id":"https:\/\/aurora-kaas.com\/de\/#\/schema\/person\/c3875d789137a2507c8bea05ee8808bd"},"headline":"Dezember 2019: \u00d6ffnung Werksverkaufsladen Kranenburg","datePublished":"2019-12-23T07:56:20+00:00","dateModified":"2023-06-22T09:25:48+00:00","mainEntityOfPage":{"@id":"https:\/\/aurora-kaas.com\/de\/dezember-2019-oeffnung-werksverkaufsladen-kranenburg\/"},"wordCount":88,"commentCount":0,"publisher":{"@id":"https:\/\/aurora-kaas.com\/de\/#organization"},"image":{"@id":"https:\/\/aurora-kaas.com\/de\/dezember-2019-oeffnung-werksverkaufsladen-kranenburg\/#primaryimage"},"thumbnailUrl":"https:\/\/aurora-kaas.com\/wp-content\/uploads\/2022\/04\/aurora-dezember-offnung.jpeg","articleSection":["Neuigkeiten","Neuigkeiten-old"],"inLanguage":"de","potentialAction":[{"@type":"CommentAction","name":"Comment","target":["https:\/\/aurora-kaas.com\/de\/dezember-2019-oeffnung-werksverkaufsladen-kranenburg\/#respond"]}]},{"@type":"WebPage","@id":"https:\/\/aurora-kaas.com\/de\/dezember-2019-oeffnung-werksverkaufsladen-kranenburg\/","url":"https:\/\/aurora-kaas.com\/de\/dezember-2019-oeffnung-werksverkaufsladen-kranenburg\/","name":"Dezember 2019: \u00d6ffnung Werksverkaufsladen Kranenburg - Aurora kaas","isPartOf":{"@id":"https:\/\/aurora-kaas.com\/de\/#website"},"primaryImageOfPage":{"@id":"https:\/\/aurora-kaas.com\/de\/dezember-2019-oeffnung-werksverkaufsladen-kranenburg\/#primaryimage"},"image":{"@id":"https:\/\/aurora-kaas.com\/de\/dezember-2019-oeffnung-werksverkaufsladen-kranenburg\/#primaryimage"},"thumbnailUrl":"https:\/\/aurora-kaas.com\/wp-content\/uploads\/2022\/04\/aurora-dezember-offnung.jpeg","datePublished":"2019-12-23T07:56:20+00:00","dateModified":"2023-06-22T09:25:48+00:00","breadcrumb":{"@id":"https:\/\/aurora-kaas.com\/de\/dezember-2019-oeffnung-werksverkaufsladen-kranenburg\/#breadcrumb"},"inLanguage":"de","potentialAction":[{"@type":"ReadAction","target":["https:\/\/aurora-kaas.com\/de\/dezember-2019-oeffnung-werksverkaufsladen-kranenburg\/"]}]},{"@type":"ImageObject","inLanguage":"de","@id":"https:\/\/aurora-kaas.com\/de\/dezember-2019-oeffnung-werksverkaufsladen-kranenburg\/#primaryimage","url":"https:\/\/aurora-kaas.com\/wp-content\/uploads\/2022\/04\/aurora-dezember-offnung.jpeg","contentUrl":"https:\/\/aurora-kaas.com\/wp-content\/uploads\/2022\/04\/aurora-dezember-offnung.jpeg","width":300,"height":200},{"@type":"BreadcrumbList","@id":"https:\/\/aurora-kaas.com\/de\/dezember-2019-oeffnung-werksverkaufsladen-kranenburg\/#breadcrumb","itemListElement":[{"@type":"ListItem","position":1,"name":"Startseite","item":"https:\/\/aurora-kaas.com\/de\/"},{"@type":"ListItem","position":2,"name":"Dezember 2019: \u00d6ffnung Werksverkaufsladen Kranenburg"}]},{"@type":"WebSite","@id":"https:\/\/aurora-kaas.com\/de\/#website","url":"https:\/\/aurora-kaas.com\/de\/","name":"Aurora Kaas","description":"Biok\u00e4se vom Niederrhein","publisher":{"@id":"https:\/\/aurora-kaas.com\/de\/#organization"},"potentialAction":[{"@type":"SearchAction","target":{"@type":"EntryPoint","urlTemplate":"https:\/\/aurora-kaas.com\/de\/?s={search_term_string}"},"query-input":{"@type":"PropertyValueSpecification","valueRequired":true,"valueName":"search_term_string"}}],"inLanguage":"de"},{"@type":"Organization","@id":"https:\/\/aurora-kaas.com\/de\/#organization","name":"Aurora Kaas GmbH","url":"https:\/\/aurora-kaas.com\/de\/","logo":{"@type":"ImageObject","inLanguage":"de","@id":"https:\/\/aurora-kaas.com\/de\/#\/schema\/logo\/image\/","url":"https:\/\/aurora-kaas.com\/wp-content\/uploads\/2022\/03\/logo.svg","contentUrl":"https:\/\/aurora-kaas.com\/wp-content\/uploads\/2022\/03\/logo.svg","width":155,"height":82,"caption":"Aurora Kaas GmbH"},"image":{"@id":"https:\/\/aurora-kaas.com\/de\/#\/schema\/logo\/image\/"},"sameAs":["https:\/\/www.facebook.com\/auroracheese","https:\/\/www.instagram.com\/aurora_kaas\/"]},{"@type":"Person","@id":"https:\/\/aurora-kaas.com\/de\/#\/schema\/person\/c3875d789137a2507c8bea05ee8808bd","name":"Esther","image":{"@type":"ImageObject","inLanguage":"de","@id":"https:\/\/secure.gravatar.com\/avatar\/08285fbbd52e0f051a9049be5828bd9bba576d99c3acd2b7eb12b00e7027b727?s=96&d=mm&r=g","url":"https:\/\/secure.gravatar.com\/avatar\/08285fbbd52e0f051a9049be5828bd9bba576d99c3acd2b7eb12b00e7027b727?s=96&d=mm&r=g","contentUrl":"https:\/\/secure.gravatar.com\/avatar\/08285fbbd52e0f051a9049be5828bd9bba576d99c3acd2b7eb12b00e7027b727?s=96&d=mm&r=g","caption":"Esther"},"url":"https:\/\/aurora-kaas.com\/de\/author\/esther\/"}]}},"taxonomy_info":{"category":[{"value":249,"label":"Neuigkeiten"},{"value":63,"label":"Neuigkeiten-old"}]},"featured_image_src_large":["https:\/\/aurora-kaas.com\/wp-content\/uploads\/2022\/04\/aurora-dezember-offnung.jpeg",300,200,false],"author_info":{"display_name":"Esther","author_link":"https:\/\/aurora-kaas.com\/de\/author\/esther\/"},"comment_info":0,"category_info":[{"term_id":249,"name":"Neuigkeiten","slug":"neuigkeiten","term_group":0,"term_taxonomy_id":249,"taxonomy":"category","description":"","parent":0,"count":24,"filter":"raw","cat_ID":249,"category_count":24,"category_description":"","cat_name":"Neuigkeiten","category_nicename":"neuigkeiten","category_parent":0},{"term_id":63,"name":"Neuigkeiten-old","slug":"neuigkeiten-old","term_group":0,"term_taxonomy_id":63,"taxonomy":"category","description":"","parent":0,"count":16,"filter":"raw","cat_ID":63,"category_count":16,"category_description":"","cat_name":"Neuigkeiten-old","category_nicename":"neuigkeiten-old","category_parent":0}],"tag_info":false,"_links":{"self":[{"href":"https:\/\/aurora-kaas.com\/de\/wp-json\/wp\/v2\/posts\/3436","targetHints":{"allow":["GET"]}}],"collection":[{"href":"https:\/\/aurora-kaas.com\/de\/wp-json\/wp\/v2\/posts"}],"about":[{"href":"https:\/\/aurora-kaas.com\/de\/wp-json\/wp\/v2\/types\/post"}],"author":[{"embeddable":true,"href":"https:\/\/aurora-kaas.com\/de\/wp-json\/wp\/v2\/users\/3"}],"replies":[{"embeddable":true,"href":"https:\/\/aurora-kaas.com\/de\/wp-json\/wp\/v2\/comments?post=3436"}],"version-history":[{"count":1,"href":"https:\/\/aurora-kaas.com\/de\/wp-json\/wp\/v2\/posts\/3436\/revisions"}],"predecessor-version":[{"id":3437,"href":"https:\/\/aurora-kaas.com\/de\/wp-json\/wp\/v2\/posts\/3436\/revisions\/3437"}],"wp:featuredmedia":[{"embeddable":true,"href":"https:\/\/aurora-kaas.com\/de\/wp-json\/wp\/v2\/media\/1991"}],"wp:attachment":[{"href":"https:\/\/aurora-kaas.com\/de\/wp-json\/wp\/v2\/media?parent=3436"}],"wp:term":[{"taxonomy":"category","embeddable":true,"href":"https:\/\/aurora-kaas.com\/de\/wp-json\/wp\/v2\/categories?post=3436"},{"taxonomy":"post_tag","embeddable":true,"href":"https:\/\/aurora-kaas.com\/de\/wp-json\/wp\/v2\/tags?post=3436"}],"curies":[{"name":"wp","href":"https:\/\/api.w.org\/{rel}","templated":true}]}}