{"id":7323,"date":"2023-09-01T13:06:46","date_gmt":"2023-09-01T13:06:46","guid":{"rendered":"https:\/\/aurora-kaas.com\/?p=7323"},"modified":"2023-09-12T10:54:46","modified_gmt":"2023-09-12T10:54:46","slug":"ministerin-gorissen-feiert-mit-biokaeserei-aurora-35-jaehrige-partnerschaft-mit-dem-bioland-verband","status":"publish","type":"post","link":"https:\/\/aurora-kaas.com\/de\/ministerin-gorissen-feiert-mit-biokaeserei-aurora-35-jaehrige-partnerschaft-mit-dem-bioland-verband\/","title":{"rendered":"Ministerin Gori\u00dfen feiert mit Biok\u00e4serei Aurora 35-j\u00e4hrige Partnerschaft mit dem Bioland-Verband"},"content":{"rendered":"\n<p><strong>Im Rahmen der Bio-Wochen NRW fand eine inspirierende K\u00e4sereif\u00fchrung statt, bei der die Biok\u00e4serei Aurora, ein Familienunternehmen in zweiter Generation, herzlich zur Feier ihrer 35-j\u00e4hrigen Partnerschaft mit dem angesehenen Bioland-Verband begl\u00fcckw\u00fcnscht wurde und bei der auch NRW Landwirtschaftsministerin Silke Gori\u00dfen gratulierte.<\/strong><\/p>\n\n\n\n<p><em>Kranenburg, 01.09.2023<\/em> &#8211; Die Feierlichkeiten fanden im Rahmen der Bio-Wochen NRW statt, w\u00e4hrend welcher die herausragenden Leistungen und Fortschritte im Bereich biologischer Landwirtschaft und Lebensmittelproduktion in NRW der \u00d6ffentlichkeit vorgestellt und zug\u00e4nglich gemacht werden. So waren auch bei Aurora Kaas Besucher zu einem Blick hinter die Kulissen eingeladen und konnten sich w\u00e4hrend einer F\u00fchrung durch die K\u00e4serei \u00fcber den Herstellungsprozess von der Bio-Milch zum Bio-K\u00e4se informieren.<\/p>\n\n\n\n<p>Die Biok\u00e4serei Aurora, ein Familienunternehmen in zweiter Generation, hat \u00fcber die Jahre hinweg bewiesen, dass ihr Engagement f\u00fcr nachhaltige Praktiken und hochwertige Bio-Produkte von gro\u00dfer Bedeutung ist. Die 35-j\u00e4hrige Partnerschaft mit dem Bioland-Verband zeigt ihr tiefes Verst\u00e4ndnis und ihre konstante Hingabe an \u00f6kologische Werte.<\/p>\n\n\n<style>.kb-row-layout-id7323_b637b3-8d > .kt-row-column-wrap{align-content:start;}:where(.kb-row-layout-id7323_b637b3-8d > .kt-row-column-wrap) > .wp-block-kadence-column{justify-content:start;}.kb-row-layout-id7323_b637b3-8d > .kt-row-column-wrap{column-gap:var(--global-kb-gap-md, 2rem);row-gap:var(--global-kb-gap-md, 2rem);padding-top:var(--global-kb-spacing-sm, 1.5rem);padding-bottom:var(--global-kb-spacing-sm, 1.5rem);grid-template-columns:repeat(2, minmax(0, 1fr));}.kb-row-layout-id7323_b637b3-8d > .kt-row-layout-overlay{opacity:0.30;}@media all and (max-width: 1024px){.kb-row-layout-id7323_b637b3-8d > .kt-row-column-wrap{grid-template-columns:repeat(2, minmax(0, 1fr));}}@media all and (max-width: 767px){.kb-row-layout-id7323_b637b3-8d > .kt-row-column-wrap{grid-template-columns:minmax(0, 1fr);}}<\/style><div class=\"kb-row-layout-wrap kb-row-layout-id7323_b637b3-8d alignnone wp-block-kadence-rowlayout\"><div class=\"kt-row-column-wrap kt-has-2-columns kt-row-layout-equal kt-tab-layout-inherit kt-mobile-layout-row kt-row-valign-top\">\n<style>.kadence-column7323_8a8f7c-15 > .kt-inside-inner-col,.kadence-column7323_8a8f7c-15 > .kt-inside-inner-col:before{border-top-left-radius:0px;border-top-right-radius:0px;border-bottom-right-radius:0px;border-bottom-left-radius:0px;}.kadence-column7323_8a8f7c-15 > .kt-inside-inner-col{column-gap:var(--global-kb-gap-sm, 1rem);}.kadence-column7323_8a8f7c-15 > .kt-inside-inner-col{flex-direction:column;}.kadence-column7323_8a8f7c-15 > .kt-inside-inner-col > .aligncenter{width:100%;}.kadence-column7323_8a8f7c-15 > .kt-inside-inner-col:before{opacity:0.3;}.kadence-column7323_8a8f7c-15{position:relative;}@media all and (max-width: 1024px){.kadence-column7323_8a8f7c-15 > .kt-inside-inner-col{flex-direction:column;justify-content:center;}}@media all and (max-width: 767px){.kadence-column7323_8a8f7c-15 > .kt-inside-inner-col{flex-direction:column;justify-content:center;}}<\/style>\n<div class=\"wp-block-kadence-column kadence-column7323_8a8f7c-15\"><div class=\"kt-inside-inner-col\"><style>.wp-block-kadence-advancedheading.kt-adv-heading7323_7e869d-c1, .wp-block-kadence-advancedheading.kt-adv-heading7323_7e869d-c1[data-kb-block=\"kb-adv-heading7323_7e869d-c1\"]{font-style:normal;}.wp-block-kadence-advancedheading.kt-adv-heading7323_7e869d-c1 mark.kt-highlight, .wp-block-kadence-advancedheading.kt-adv-heading7323_7e869d-c1[data-kb-block=\"kb-adv-heading7323_7e869d-c1\"] mark.kt-highlight{font-style:normal;color:#f76a0c;-webkit-box-decoration-break:clone;box-decoration-break:clone;padding-top:0px;padding-right:0px;padding-bottom:0px;padding-left:0px;}.wp-block-kadence-advancedheading.kt-adv-heading7323_7e869d-c1 img.kb-inline-image, .wp-block-kadence-advancedheading.kt-adv-heading7323_7e869d-c1[data-kb-block=\"kb-adv-heading7323_7e869d-c1\"] img.kb-inline-image{width:150px;vertical-align:baseline;}<\/style>\n<p class=\"kt-adv-heading7323_7e869d-c1 wp-block-kadence-advancedheading\" data-kb-block=\"kb-adv-heading7323_7e869d-c1\">Landwirtschafts- und Verbraucherschutzministerin Silke Gori\u00dfen: \u201eSeit vielen Jahren f\u00fchrt die Familie ten Dam das Unternehmen Aurora Kaas und zeigt seit den 1980er Jahren erfolgreich, wie biolandwirtschaftliche Wertsch\u00f6pfung in der Region funktionieren kann. Die Landesregierung unterst\u00fctzt die Entwicklung des \u00d6kolandbaus mit der landesweiten Initiative \u201aBioWochen NRW\u2018, um bei Verbraucherinnen und Verbrauchern f\u00fcr mehr \u201eBio\u201c zu werben. Ganz wichtig sind auch unsere f\u00fcnf \u00d6ko-Modellregionen in Nordrhein-Westfalen, um den Absatz und Konsum von Bio-Lebensmitteln zu steigern. Ich freue mich, dass Aurora Kaas als \u201aBio\u2018-Pionier diese Initiativen nutzt und ihre T\u00fcren f\u00fcr Besucherinnen und Besucher \u00f6ffnet. Ich w\u00fcnsche Ihnen f\u00fcr die Zukunft alles Gute.\u201c&nbsp;<\/p>\n<\/div><\/div>\n\n\n<style>.kadence-column7323_2ff2d7-ed > .kt-inside-inner-col,.kadence-column7323_2ff2d7-ed > .kt-inside-inner-col:before{border-top-left-radius:0px;border-top-right-radius:0px;border-bottom-right-radius:0px;border-bottom-left-radius:0px;}.kadence-column7323_2ff2d7-ed > .kt-inside-inner-col{column-gap:var(--global-kb-gap-sm, 1rem);}.kadence-column7323_2ff2d7-ed > .kt-inside-inner-col{flex-direction:column;}.kadence-column7323_2ff2d7-ed > .kt-inside-inner-col > .aligncenter{width:100%;}.kadence-column7323_2ff2d7-ed > .kt-inside-inner-col:before{opacity:0.3;}.kadence-column7323_2ff2d7-ed{position:relative;}@media all and (max-width: 1024px){.kadence-column7323_2ff2d7-ed > .kt-inside-inner-col{flex-direction:column;justify-content:center;}}@media all and (max-width: 767px){.kadence-column7323_2ff2d7-ed > .kt-inside-inner-col{flex-direction:column;justify-content:center;}}<\/style>\n<div class=\"wp-block-kadence-column kadence-column7323_2ff2d7-ed\"><div class=\"kt-inside-inner-col\"><style>.kb-image7323_0e12ac-88 .kb-image-has-overlay:after{opacity:0.3;}<\/style>\n<figure class=\"wp-block-kadence-image kb-image7323_0e12ac-88 size-large\"><img loading=\"lazy\" decoding=\"async\" width=\"577\" height=\"1024\" src=\"https:\/\/aurora-kaas.com\/wp-content\/uploads\/2023\/09\/2023-MinisterinGorissen-gratuliert-Aurora-Kaas-zu-35-Jahren-im-Bioland-Verband2-577x1024.jpg\" alt=\"\" class=\"kb-img wp-image-7327\" srcset=\"https:\/\/aurora-kaas.com\/wp-content\/uploads\/2023\/09\/2023-MinisterinGorissen-gratuliert-Aurora-Kaas-zu-35-Jahren-im-Bioland-Verband2-577x1024.jpg 577w, https:\/\/aurora-kaas.com\/wp-content\/uploads\/2023\/09\/2023-MinisterinGorissen-gratuliert-Aurora-Kaas-zu-35-Jahren-im-Bioland-Verband2-169x300.jpg 169w, https:\/\/aurora-kaas.com\/wp-content\/uploads\/2023\/09\/2023-MinisterinGorissen-gratuliert-Aurora-Kaas-zu-35-Jahren-im-Bioland-Verband2-768x1364.jpg 768w, https:\/\/aurora-kaas.com\/wp-content\/uploads\/2023\/09\/2023-MinisterinGorissen-gratuliert-Aurora-Kaas-zu-35-Jahren-im-Bioland-Verband2-865x1536.jpg 865w, https:\/\/aurora-kaas.com\/wp-content\/uploads\/2023\/09\/2023-MinisterinGorissen-gratuliert-Aurora-Kaas-zu-35-Jahren-im-Bioland-Verband2-600x1066.jpg 600w, https:\/\/aurora-kaas.com\/wp-content\/uploads\/2023\/09\/2023-MinisterinGorissen-gratuliert-Aurora-Kaas-zu-35-Jahren-im-Bioland-Verband2.jpg 1126w\" sizes=\"auto, (max-width: 577px) 100vw, 577px\" \/><\/figure>\n<\/div><\/div>\n\n<\/div><\/div>\n\n\n<p><\/p>\n\n\n\n<p>Aurora Gesch\u00e4ftsf\u00fchrerin Manon ten Dam \u00e4u\u00dferte im Rahmen der Veranstaltung neben dem Stolz auf die langj\u00e4hrige Bioland Partnerschaft auch nachdenkliche Worte: \u201eWir merken, dass die Bem\u00fchungen der Bundesregierung Richtung 2030 noch unzureichend Fr\u00fcchte tragen. Es wirkt, als ob die Politik sich darauf verl\u00e4sst, dass der Markt es von selbst l\u00f6st, aber das stockende Wachstum in der Biobranche beweist, dass dem nicht so ist. Die Produkte, die wir zum Beispiel speziell f\u00fcr die Au\u00dferhausverpflegung entwickelt haben, finden ihren Weg zum Verbraucher noch nicht ausreichend, obwohl es so einfach w\u00e4re. Wir hoffen, dass hier von Seiten der Politik noch nachgebessert wird.\u201c<\/p>\n\n\n\n<p>Der Landesvorsitzender von Bioland NRW, Joachim Koop f\u00fcgte hinzu: \u201eWir sind froh und stolz, mit Aurora Kaas einen langj\u00e4hrigen, zuverl\u00e4ssigen und erfolgreichen Partnerbetrieb zu haben, der die wertvolle Bioland-Milch unserer B\u00e4uerinnen und Bauern in der Region veredelt. Seit 35 Jahren hat diese regionale Wertsch\u00f6pfung positiven Einfluss auf die Region, die Landschaft und den Naturraum am Niederrhein, weil Landwirtinnen und Landwirte nur dann biologisch wirtschaften k\u00f6nnen, wenn ihre Produkte auch veredelt und vermarktet werden. Damit noch mehr B\u00e4uerinnen und Bauern biologisch wirtschaften k\u00f6nnen, braucht es aber auch die entsprechende Absatzf\u00f6rderung. Ich sehe in den Initiativen der Landesregierung positive Signale, w\u00fcnsche mir aber noch mutigere Schritte, beispielsweise durch den verpflichtenden Einsatz von Bio-Produkten in \u00f6ffentlichen Kantinen.\u201d<\/p>\n\n\n\n<p>Die K\u00e4sereif\u00fchrung und Jubil\u00e4umsfeier waren einer der H\u00f6hepunkte der diesj\u00e4hrigen Bio-Wochen NRW und verdeutlichten die Bedeutung von nachhaltigen Partnerschaften und \u00f6kologischen Werten in der Lebensmittelproduktion.<\/p>\n","protected":false},"excerpt":{"rendered":"<p>Im Rahmen der Bio-Wochen NRW fand eine inspirierende K\u00e4sereif\u00fchrung statt, bei der die Biok\u00e4serei Aurora, ein Familienunternehmen in zweiter Generation, herzlich zur Feier ihrer 35-j\u00e4hrigen Partnerschaft mit dem angesehenen Bioland-Verband begl\u00fcckw\u00fcnscht wurde und bei der auch NRW Landwirtschaftsministerin Silke Gori\u00dfen gratulierte. Kranenburg, 01.09.2023 &#8211; Die Feierlichkeiten fanden im Rahmen der Bio-Wochen NRW statt, w\u00e4hrend welcher&#8230;<\/p>\n","protected":false},"author":2,"featured_media":7324,"comment_status":"open","ping_status":"open","sticky":false,"template":"","format":"standard","meta":{"inline_featured_image":false,"_kad_blocks_custom_css":"","_kad_blocks_head_custom_js":"","_kad_blocks_body_custom_js":"","_kad_blocks_footer_custom_js":"","_kadence_starter_templates_imported_post":false,"_kad_post_transparent":"","_kad_post_title":"","_kad_post_layout":"","_kad_post_sidebar_id":"","_kad_post_content_style":"","_kad_post_vertical_padding":"","_kad_post_feature":"","_kad_post_feature_position":"","_kad_post_header":false,"_kad_post_footer":false,"_kad_post_classname":"","footnotes":""},"categories":[249],"tags":[],"class_list":["post-7323","post","type-post","status-publish","format-standard","has-post-thumbnail","hentry","category-neuigkeiten"],"yoast_head":"<!-- This site is optimized with the Yoast SEO plugin v27.4 - https:\/\/yoast.com\/product\/yoast-seo-wordpress\/ -->\n<title>Ministerin Gori\u00dfen feiert mit Biok\u00e4serei Aurora 35-j\u00e4hrige Partnerschaft mit dem Bioland-Verband - Aurora kaas<\/title>\n<meta name=\"robots\" content=\"index, follow, max-snippet:-1, max-image-preview:large, max-video-preview:-1\" \/>\n<link rel=\"canonical\" href=\"https:\/\/aurora-kaas.com\/de\/ministerin-gorissen-feiert-mit-biokaeserei-aurora-35-jaehrige-partnerschaft-mit-dem-bioland-verband\/\" \/>\n<meta property=\"og:locale\" content=\"de_DE\" \/>\n<meta property=\"og:type\" content=\"article\" \/>\n<meta property=\"og:title\" content=\"Ministerin Gori\u00dfen feiert mit Biok\u00e4serei Aurora 35-j\u00e4hrige Partnerschaft mit dem Bioland-Verband - Aurora kaas\" \/>\n<meta property=\"og:description\" content=\"Im Rahmen der Bio-Wochen NRW fand eine inspirierende K\u00e4sereif\u00fchrung statt, bei der die Biok\u00e4serei Aurora, ein Familienunternehmen in zweiter Generation, herzlich zur Feier ihrer 35-j\u00e4hrigen Partnerschaft mit dem angesehenen Bioland-Verband begl\u00fcckw\u00fcnscht wurde und bei der auch NRW Landwirtschaftsministerin Silke Gori\u00dfen gratulierte. Kranenburg, 01.09.2023 &#8211; Die Feierlichkeiten fanden im Rahmen der Bio-Wochen NRW statt, w\u00e4hrend welcher...\" \/>\n<meta property=\"og:url\" content=\"https:\/\/aurora-kaas.com\/de\/ministerin-gorissen-feiert-mit-biokaeserei-aurora-35-jaehrige-partnerschaft-mit-dem-bioland-verband\/\" \/>\n<meta property=\"og:site_name\" content=\"Aurora kaas\" \/>\n<meta property=\"article:publisher\" content=\"https:\/\/www.facebook.com\/auroracheese\" \/>\n<meta property=\"article:published_time\" content=\"2023-09-01T13:06:46+00:00\" \/>\n<meta property=\"article:modified_time\" content=\"2023-09-12T10:54:46+00:00\" \/>\n<meta property=\"og:image\" content=\"https:\/\/aurora-kaas.com\/wp-content\/uploads\/2023\/09\/2023-MinisterinGorissen-gratuliert-Aurora-Kaas-zu-35-Jahren-im-Bioland-Verband1.jpg\" \/>\n\t<meta property=\"og:image:width\" content=\"2000\" \/>\n\t<meta property=\"og:image:height\" content=\"1126\" \/>\n\t<meta property=\"og:image:type\" content=\"image\/jpeg\" \/>\n<meta name=\"author\" content=\"Janna\" \/>\n<meta name=\"twitter:card\" content=\"summary_large_image\" \/>\n<meta name=\"twitter:label1\" content=\"Verfasst von\" \/>\n\t<meta name=\"twitter:data1\" content=\"Janna\" \/>\n\t<meta name=\"twitter:label2\" content=\"Gesch\u00e4tzte Lesezeit\" \/>\n\t<meta name=\"twitter:data2\" content=\"3\u00a0Minuten\" \/>\n<script type=\"application\/ld+json\" class=\"yoast-schema-graph\">{\"@context\":\"https:\\\/\\\/schema.org\",\"@graph\":[{\"@type\":\"Article\",\"@id\":\"https:\\\/\\\/aurora-kaas.com\\\/de\\\/ministerin-gorissen-feiert-mit-biokaeserei-aurora-35-jaehrige-partnerschaft-mit-dem-bioland-verband\\\/#article\",\"isPartOf\":{\"@id\":\"https:\\\/\\\/aurora-kaas.com\\\/de\\\/ministerin-gorissen-feiert-mit-biokaeserei-aurora-35-jaehrige-partnerschaft-mit-dem-bioland-verband\\\/\"},\"author\":{\"name\":\"Janna\",\"@id\":\"https:\\\/\\\/aurora-kaas.com\\\/de\\\/#\\\/schema\\\/person\\\/f537361d64d8c7c2221c9f6b104ac6f2\"},\"headline\":\"Ministerin Gori\u00dfen feiert mit Biok\u00e4serei Aurora 35-j\u00e4hrige Partnerschaft mit dem Bioland-Verband\",\"datePublished\":\"2023-09-01T13:06:46+00:00\",\"dateModified\":\"2023-09-12T10:54:46+00:00\",\"mainEntityOfPage\":{\"@id\":\"https:\\\/\\\/aurora-kaas.com\\\/de\\\/ministerin-gorissen-feiert-mit-biokaeserei-aurora-35-jaehrige-partnerschaft-mit-dem-bioland-verband\\\/\"},\"wordCount\":556,\"commentCount\":0,\"publisher\":{\"@id\":\"https:\\\/\\\/aurora-kaas.com\\\/de\\\/#organization\"},\"image\":{\"@id\":\"https:\\\/\\\/aurora-kaas.com\\\/de\\\/ministerin-gorissen-feiert-mit-biokaeserei-aurora-35-jaehrige-partnerschaft-mit-dem-bioland-verband\\\/#primaryimage\"},\"thumbnailUrl\":\"https:\\\/\\\/aurora-kaas.com\\\/wp-content\\\/uploads\\\/2023\\\/09\\\/2023-MinisterinGorissen-gratuliert-Aurora-Kaas-zu-35-Jahren-im-Bioland-Verband1.jpg\",\"articleSection\":[\"Neuigkeiten\"],\"inLanguage\":\"de\",\"potentialAction\":[{\"@type\":\"CommentAction\",\"name\":\"Comment\",\"target\":[\"https:\\\/\\\/aurora-kaas.com\\\/de\\\/ministerin-gorissen-feiert-mit-biokaeserei-aurora-35-jaehrige-partnerschaft-mit-dem-bioland-verband\\\/#respond\"]}]},{\"@type\":\"WebPage\",\"@id\":\"https:\\\/\\\/aurora-kaas.com\\\/de\\\/ministerin-gorissen-feiert-mit-biokaeserei-aurora-35-jaehrige-partnerschaft-mit-dem-bioland-verband\\\/\",\"url\":\"https:\\\/\\\/aurora-kaas.com\\\/de\\\/ministerin-gorissen-feiert-mit-biokaeserei-aurora-35-jaehrige-partnerschaft-mit-dem-bioland-verband\\\/\",\"name\":\"Ministerin Gori\u00dfen feiert mit Biok\u00e4serei Aurora 35-j\u00e4hrige Partnerschaft mit dem Bioland-Verband - Aurora kaas\",\"isPartOf\":{\"@id\":\"https:\\\/\\\/aurora-kaas.com\\\/de\\\/#website\"},\"primaryImageOfPage\":{\"@id\":\"https:\\\/\\\/aurora-kaas.com\\\/de\\\/ministerin-gorissen-feiert-mit-biokaeserei-aurora-35-jaehrige-partnerschaft-mit-dem-bioland-verband\\\/#primaryimage\"},\"image\":{\"@id\":\"https:\\\/\\\/aurora-kaas.com\\\/de\\\/ministerin-gorissen-feiert-mit-biokaeserei-aurora-35-jaehrige-partnerschaft-mit-dem-bioland-verband\\\/#primaryimage\"},\"thumbnailUrl\":\"https:\\\/\\\/aurora-kaas.com\\\/wp-content\\\/uploads\\\/2023\\\/09\\\/2023-MinisterinGorissen-gratuliert-Aurora-Kaas-zu-35-Jahren-im-Bioland-Verband1.jpg\",\"datePublished\":\"2023-09-01T13:06:46+00:00\",\"dateModified\":\"2023-09-12T10:54:46+00:00\",\"breadcrumb\":{\"@id\":\"https:\\\/\\\/aurora-kaas.com\\\/de\\\/ministerin-gorissen-feiert-mit-biokaeserei-aurora-35-jaehrige-partnerschaft-mit-dem-bioland-verband\\\/#breadcrumb\"},\"inLanguage\":\"de\",\"potentialAction\":[{\"@type\":\"ReadAction\",\"target\":[\"https:\\\/\\\/aurora-kaas.com\\\/de\\\/ministerin-gorissen-feiert-mit-biokaeserei-aurora-35-jaehrige-partnerschaft-mit-dem-bioland-verband\\\/\"]}]},{\"@type\":\"ImageObject\",\"inLanguage\":\"de\",\"@id\":\"https:\\\/\\\/aurora-kaas.com\\\/de\\\/ministerin-gorissen-feiert-mit-biokaeserei-aurora-35-jaehrige-partnerschaft-mit-dem-bioland-verband\\\/#primaryimage\",\"url\":\"https:\\\/\\\/aurora-kaas.com\\\/wp-content\\\/uploads\\\/2023\\\/09\\\/2023-MinisterinGorissen-gratuliert-Aurora-Kaas-zu-35-Jahren-im-Bioland-Verband1.jpg\",\"contentUrl\":\"https:\\\/\\\/aurora-kaas.com\\\/wp-content\\\/uploads\\\/2023\\\/09\\\/2023-MinisterinGorissen-gratuliert-Aurora-Kaas-zu-35-Jahren-im-Bioland-Verband1.jpg\",\"width\":2000,\"height\":1126},{\"@type\":\"BreadcrumbList\",\"@id\":\"https:\\\/\\\/aurora-kaas.com\\\/de\\\/ministerin-gorissen-feiert-mit-biokaeserei-aurora-35-jaehrige-partnerschaft-mit-dem-bioland-verband\\\/#breadcrumb\",\"itemListElement\":[{\"@type\":\"ListItem\",\"position\":1,\"name\":\"Startseite\",\"item\":\"https:\\\/\\\/aurora-kaas.com\\\/de\\\/\"},{\"@type\":\"ListItem\",\"position\":2,\"name\":\"Ministerin Gori\u00dfen feiert mit Biok\u00e4serei Aurora 35-j\u00e4hrige Partnerschaft mit dem Bioland-Verband\"}]},{\"@type\":\"WebSite\",\"@id\":\"https:\\\/\\\/aurora-kaas.com\\\/de\\\/#website\",\"url\":\"https:\\\/\\\/aurora-kaas.com\\\/de\\\/\",\"name\":\"Aurora Kaas\",\"description\":\"Biok\u00e4se vom Niederrhein\",\"publisher\":{\"@id\":\"https:\\\/\\\/aurora-kaas.com\\\/de\\\/#organization\"},\"potentialAction\":[{\"@type\":\"SearchAction\",\"target\":{\"@type\":\"EntryPoint\",\"urlTemplate\":\"https:\\\/\\\/aurora-kaas.com\\\/de\\\/?s={search_term_string}\"},\"query-input\":{\"@type\":\"PropertyValueSpecification\",\"valueRequired\":true,\"valueName\":\"search_term_string\"}}],\"inLanguage\":\"de\"},{\"@type\":\"Organization\",\"@id\":\"https:\\\/\\\/aurora-kaas.com\\\/de\\\/#organization\",\"name\":\"Aurora Kaas GmbH\",\"url\":\"https:\\\/\\\/aurora-kaas.com\\\/de\\\/\",\"logo\":{\"@type\":\"ImageObject\",\"inLanguage\":\"de\",\"@id\":\"https:\\\/\\\/aurora-kaas.com\\\/de\\\/#\\\/schema\\\/logo\\\/image\\\/\",\"url\":\"https:\\\/\\\/aurora-kaas.com\\\/wp-content\\\/uploads\\\/2022\\\/03\\\/logo.svg\",\"contentUrl\":\"https:\\\/\\\/aurora-kaas.com\\\/wp-content\\\/uploads\\\/2022\\\/03\\\/logo.svg\",\"width\":155,\"height\":82,\"caption\":\"Aurora Kaas GmbH\"},\"image\":{\"@id\":\"https:\\\/\\\/aurora-kaas.com\\\/de\\\/#\\\/schema\\\/logo\\\/image\\\/\"},\"sameAs\":[\"https:\\\/\\\/www.facebook.com\\\/auroracheese\",\"https:\\\/\\\/www.instagram.com\\\/aurora_kaas\\\/\"]},{\"@type\":\"Person\",\"@id\":\"https:\\\/\\\/aurora-kaas.com\\\/de\\\/#\\\/schema\\\/person\\\/f537361d64d8c7c2221c9f6b104ac6f2\",\"name\":\"Janna\",\"image\":{\"@type\":\"ImageObject\",\"inLanguage\":\"de\",\"@id\":\"https:\\\/\\\/secure.gravatar.com\\\/avatar\\\/4c5c3f1fc1ff3c8c4e3cdc8daa03a4d7fc6093a6ceef51152dc2003580ee38cf?s=96&d=mm&r=g\",\"url\":\"https:\\\/\\\/secure.gravatar.com\\\/avatar\\\/4c5c3f1fc1ff3c8c4e3cdc8daa03a4d7fc6093a6ceef51152dc2003580ee38cf?s=96&d=mm&r=g\",\"contentUrl\":\"https:\\\/\\\/secure.gravatar.com\\\/avatar\\\/4c5c3f1fc1ff3c8c4e3cdc8daa03a4d7fc6093a6ceef51152dc2003580ee38cf?s=96&d=mm&r=g\",\"caption\":\"Janna\"},\"url\":\"https:\\\/\\\/aurora-kaas.com\\\/de\\\/author\\\/janna\\\/\"}]}<\/script>\n<!-- \/ Yoast SEO plugin. -->","yoast_head_json":{"title":"Ministerin Gori\u00dfen feiert mit Biok\u00e4serei Aurora 35-j\u00e4hrige Partnerschaft mit dem Bioland-Verband - Aurora kaas","robots":{"index":"index","follow":"follow","max-snippet":"max-snippet:-1","max-image-preview":"max-image-preview:large","max-video-preview":"max-video-preview:-1"},"canonical":"https:\/\/aurora-kaas.com\/de\/ministerin-gorissen-feiert-mit-biokaeserei-aurora-35-jaehrige-partnerschaft-mit-dem-bioland-verband\/","og_locale":"de_DE","og_type":"article","og_title":"Ministerin Gori\u00dfen feiert mit Biok\u00e4serei Aurora 35-j\u00e4hrige Partnerschaft mit dem Bioland-Verband - Aurora kaas","og_description":"Im Rahmen der Bio-Wochen NRW fand eine inspirierende K\u00e4sereif\u00fchrung statt, bei der die Biok\u00e4serei Aurora, ein Familienunternehmen in zweiter Generation, herzlich zur Feier ihrer 35-j\u00e4hrigen Partnerschaft mit dem angesehenen Bioland-Verband begl\u00fcckw\u00fcnscht wurde und bei der auch NRW Landwirtschaftsministerin Silke Gori\u00dfen gratulierte. Kranenburg, 01.09.2023 &#8211; Die Feierlichkeiten fanden im Rahmen der Bio-Wochen NRW statt, w\u00e4hrend welcher...","og_url":"https:\/\/aurora-kaas.com\/de\/ministerin-gorissen-feiert-mit-biokaeserei-aurora-35-jaehrige-partnerschaft-mit-dem-bioland-verband\/","og_site_name":"Aurora kaas","article_publisher":"https:\/\/www.facebook.com\/auroracheese","article_published_time":"2023-09-01T13:06:46+00:00","article_modified_time":"2023-09-12T10:54:46+00:00","og_image":[{"width":2000,"height":1126,"url":"https:\/\/aurora-kaas.com\/wp-content\/uploads\/2023\/09\/2023-MinisterinGorissen-gratuliert-Aurora-Kaas-zu-35-Jahren-im-Bioland-Verband1.jpg","type":"image\/jpeg"}],"author":"Janna","twitter_card":"summary_large_image","twitter_misc":{"Verfasst von":"Janna","Gesch\u00e4tzte Lesezeit":"3\u00a0Minuten"},"schema":{"@context":"https:\/\/schema.org","@graph":[{"@type":"Article","@id":"https:\/\/aurora-kaas.com\/de\/ministerin-gorissen-feiert-mit-biokaeserei-aurora-35-jaehrige-partnerschaft-mit-dem-bioland-verband\/#article","isPartOf":{"@id":"https:\/\/aurora-kaas.com\/de\/ministerin-gorissen-feiert-mit-biokaeserei-aurora-35-jaehrige-partnerschaft-mit-dem-bioland-verband\/"},"author":{"name":"Janna","@id":"https:\/\/aurora-kaas.com\/de\/#\/schema\/person\/f537361d64d8c7c2221c9f6b104ac6f2"},"headline":"Ministerin Gori\u00dfen feiert mit Biok\u00e4serei Aurora 35-j\u00e4hrige Partnerschaft mit dem Bioland-Verband","datePublished":"2023-09-01T13:06:46+00:00","dateModified":"2023-09-12T10:54:46+00:00","mainEntityOfPage":{"@id":"https:\/\/aurora-kaas.com\/de\/ministerin-gorissen-feiert-mit-biokaeserei-aurora-35-jaehrige-partnerschaft-mit-dem-bioland-verband\/"},"wordCount":556,"commentCount":0,"publisher":{"@id":"https:\/\/aurora-kaas.com\/de\/#organization"},"image":{"@id":"https:\/\/aurora-kaas.com\/de\/ministerin-gorissen-feiert-mit-biokaeserei-aurora-35-jaehrige-partnerschaft-mit-dem-bioland-verband\/#primaryimage"},"thumbnailUrl":"https:\/\/aurora-kaas.com\/wp-content\/uploads\/2023\/09\/2023-MinisterinGorissen-gratuliert-Aurora-Kaas-zu-35-Jahren-im-Bioland-Verband1.jpg","articleSection":["Neuigkeiten"],"inLanguage":"de","potentialAction":[{"@type":"CommentAction","name":"Comment","target":["https:\/\/aurora-kaas.com\/de\/ministerin-gorissen-feiert-mit-biokaeserei-aurora-35-jaehrige-partnerschaft-mit-dem-bioland-verband\/#respond"]}]},{"@type":"WebPage","@id":"https:\/\/aurora-kaas.com\/de\/ministerin-gorissen-feiert-mit-biokaeserei-aurora-35-jaehrige-partnerschaft-mit-dem-bioland-verband\/","url":"https:\/\/aurora-kaas.com\/de\/ministerin-gorissen-feiert-mit-biokaeserei-aurora-35-jaehrige-partnerschaft-mit-dem-bioland-verband\/","name":"Ministerin Gori\u00dfen feiert mit Biok\u00e4serei Aurora 35-j\u00e4hrige Partnerschaft mit dem Bioland-Verband - Aurora kaas","isPartOf":{"@id":"https:\/\/aurora-kaas.com\/de\/#website"},"primaryImageOfPage":{"@id":"https:\/\/aurora-kaas.com\/de\/ministerin-gorissen-feiert-mit-biokaeserei-aurora-35-jaehrige-partnerschaft-mit-dem-bioland-verband\/#primaryimage"},"image":{"@id":"https:\/\/aurora-kaas.com\/de\/ministerin-gorissen-feiert-mit-biokaeserei-aurora-35-jaehrige-partnerschaft-mit-dem-bioland-verband\/#primaryimage"},"thumbnailUrl":"https:\/\/aurora-kaas.com\/wp-content\/uploads\/2023\/09\/2023-MinisterinGorissen-gratuliert-Aurora-Kaas-zu-35-Jahren-im-Bioland-Verband1.jpg","datePublished":"2023-09-01T13:06:46+00:00","dateModified":"2023-09-12T10:54:46+00:00","breadcrumb":{"@id":"https:\/\/aurora-kaas.com\/de\/ministerin-gorissen-feiert-mit-biokaeserei-aurora-35-jaehrige-partnerschaft-mit-dem-bioland-verband\/#breadcrumb"},"inLanguage":"de","potentialAction":[{"@type":"ReadAction","target":["https:\/\/aurora-kaas.com\/de\/ministerin-gorissen-feiert-mit-biokaeserei-aurora-35-jaehrige-partnerschaft-mit-dem-bioland-verband\/"]}]},{"@type":"ImageObject","inLanguage":"de","@id":"https:\/\/aurora-kaas.com\/de\/ministerin-gorissen-feiert-mit-biokaeserei-aurora-35-jaehrige-partnerschaft-mit-dem-bioland-verband\/#primaryimage","url":"https:\/\/aurora-kaas.com\/wp-content\/uploads\/2023\/09\/2023-MinisterinGorissen-gratuliert-Aurora-Kaas-zu-35-Jahren-im-Bioland-Verband1.jpg","contentUrl":"https:\/\/aurora-kaas.com\/wp-content\/uploads\/2023\/09\/2023-MinisterinGorissen-gratuliert-Aurora-Kaas-zu-35-Jahren-im-Bioland-Verband1.jpg","width":2000,"height":1126},{"@type":"BreadcrumbList","@id":"https:\/\/aurora-kaas.com\/de\/ministerin-gorissen-feiert-mit-biokaeserei-aurora-35-jaehrige-partnerschaft-mit-dem-bioland-verband\/#breadcrumb","itemListElement":[{"@type":"ListItem","position":1,"name":"Startseite","item":"https:\/\/aurora-kaas.com\/de\/"},{"@type":"ListItem","position":2,"name":"Ministerin Gori\u00dfen feiert mit Biok\u00e4serei Aurora 35-j\u00e4hrige Partnerschaft mit dem Bioland-Verband"}]},{"@type":"WebSite","@id":"https:\/\/aurora-kaas.com\/de\/#website","url":"https:\/\/aurora-kaas.com\/de\/","name":"Aurora Kaas","description":"Biok\u00e4se vom Niederrhein","publisher":{"@id":"https:\/\/aurora-kaas.com\/de\/#organization"},"potentialAction":[{"@type":"SearchAction","target":{"@type":"EntryPoint","urlTemplate":"https:\/\/aurora-kaas.com\/de\/?s={search_term_string}"},"query-input":{"@type":"PropertyValueSpecification","valueRequired":true,"valueName":"search_term_string"}}],"inLanguage":"de"},{"@type":"Organization","@id":"https:\/\/aurora-kaas.com\/de\/#organization","name":"Aurora Kaas GmbH","url":"https:\/\/aurora-kaas.com\/de\/","logo":{"@type":"ImageObject","inLanguage":"de","@id":"https:\/\/aurora-kaas.com\/de\/#\/schema\/logo\/image\/","url":"https:\/\/aurora-kaas.com\/wp-content\/uploads\/2022\/03\/logo.svg","contentUrl":"https:\/\/aurora-kaas.com\/wp-content\/uploads\/2022\/03\/logo.svg","width":155,"height":82,"caption":"Aurora Kaas GmbH"},"image":{"@id":"https:\/\/aurora-kaas.com\/de\/#\/schema\/logo\/image\/"},"sameAs":["https:\/\/www.facebook.com\/auroracheese","https:\/\/www.instagram.com\/aurora_kaas\/"]},{"@type":"Person","@id":"https:\/\/aurora-kaas.com\/de\/#\/schema\/person\/f537361d64d8c7c2221c9f6b104ac6f2","name":"Janna","image":{"@type":"ImageObject","inLanguage":"de","@id":"https:\/\/secure.gravatar.com\/avatar\/4c5c3f1fc1ff3c8c4e3cdc8daa03a4d7fc6093a6ceef51152dc2003580ee38cf?s=96&d=mm&r=g","url":"https:\/\/secure.gravatar.com\/avatar\/4c5c3f1fc1ff3c8c4e3cdc8daa03a4d7fc6093a6ceef51152dc2003580ee38cf?s=96&d=mm&r=g","contentUrl":"https:\/\/secure.gravatar.com\/avatar\/4c5c3f1fc1ff3c8c4e3cdc8daa03a4d7fc6093a6ceef51152dc2003580ee38cf?s=96&d=mm&r=g","caption":"Janna"},"url":"https:\/\/aurora-kaas.com\/de\/author\/janna\/"}]}},"taxonomy_info":{"category":[{"value":249,"label":"Neuigkeiten"}]},"featured_image_src_large":["https:\/\/aurora-kaas.com\/wp-content\/uploads\/2023\/09\/2023-MinisterinGorissen-gratuliert-Aurora-Kaas-zu-35-Jahren-im-Bioland-Verband1-1024x577.jpg",1024,577,true],"author_info":{"display_name":"Janna","author_link":"https:\/\/aurora-kaas.com\/de\/author\/janna\/"},"comment_info":0,"category_info":[{"term_id":249,"name":"Neuigkeiten","slug":"neuigkeiten","term_group":0,"term_taxonomy_id":249,"taxonomy":"category","description":"","parent":0,"count":24,"filter":"raw","cat_ID":249,"category_count":24,"category_description":"","cat_name":"Neuigkeiten","category_nicename":"neuigkeiten","category_parent":0}],"tag_info":false,"_links":{"self":[{"href":"https:\/\/aurora-kaas.com\/de\/wp-json\/wp\/v2\/posts\/7323","targetHints":{"allow":["GET"]}}],"collection":[{"href":"https:\/\/aurora-kaas.com\/de\/wp-json\/wp\/v2\/posts"}],"about":[{"href":"https:\/\/aurora-kaas.com\/de\/wp-json\/wp\/v2\/types\/post"}],"author":[{"embeddable":true,"href":"https:\/\/aurora-kaas.com\/de\/wp-json\/wp\/v2\/users\/2"}],"replies":[{"embeddable":true,"href":"https:\/\/aurora-kaas.com\/de\/wp-json\/wp\/v2\/comments?post=7323"}],"version-history":[{"count":2,"href":"https:\/\/aurora-kaas.com\/de\/wp-json\/wp\/v2\/posts\/7323\/revisions"}],"predecessor-version":[{"id":7397,"href":"https:\/\/aurora-kaas.com\/de\/wp-json\/wp\/v2\/posts\/7323\/revisions\/7397"}],"wp:featuredmedia":[{"embeddable":true,"href":"https:\/\/aurora-kaas.com\/de\/wp-json\/wp\/v2\/media\/7324"}],"wp:attachment":[{"href":"https:\/\/aurora-kaas.com\/de\/wp-json\/wp\/v2\/media?parent=7323"}],"wp:term":[{"taxonomy":"category","embeddable":true,"href":"https:\/\/aurora-kaas.com\/de\/wp-json\/wp\/v2\/categories?post=7323"},{"taxonomy":"post_tag","embeddable":true,"href":"https:\/\/aurora-kaas.com\/de\/wp-json\/wp\/v2\/tags?post=7323"}],"curies":[{"name":"wp","href":"https:\/\/api.w.org\/{rel}","templated":true}]}}