{"id":8082,"date":"2023-12-12T13:26:41","date_gmt":"2023-12-12T13:26:41","guid":{"rendered":"https:\/\/aurora-kaas.com\/?p=8082"},"modified":"2023-12-12T13:26:42","modified_gmt":"2023-12-12T13:26:42","slug":"gemeinsam-fuer-umwelt-und-natur-aurora-kaas-foerdert-permakultur-niederrhein-e-v","status":"publish","type":"post","link":"https:\/\/aurora-kaas.com\/de\/gemeinsam-fuer-umwelt-und-natur-aurora-kaas-foerdert-permakultur-niederrhein-e-v\/","title":{"rendered":"Gemeinsam f\u00fcr Umwelt und Natur: Aurora Kaas f\u00f6rdert Permakultur Niederrhein e.V."},"content":{"rendered":"\n<p style=\"font-size:18px\"><strong>Gemeinsam f\u00fcr Umwelt und Natur: Aurora Kaas f\u00f6rdert Permakultur Niederrhein e.V.<br>Der Kranenburger Biok\u00e4sehersteller Aurora Kaas hat eine gro\u00dfz\u00fcgige Spende in H\u00f6he von 1500 \u20ac an den Verein Permakultur Niederrhein e.V. \u00fcberreicht, um den Schutz von Umwelt und Natur durch die F\u00f6rderung, Weiterentwicklung und Verbreitung von Permakultur zu unterst\u00fctzen.<\/strong><\/p>\n\n\n\n<p><\/p>\n\n\n\n<p>Die Spende wurde von Esther Halfmann, Aurora Kaas im Rahmen einer Besichtigung des Permakultur Gartens in Rees-Bienen \u00fcberreicht und unterstreicht die langj\u00e4hrige Verpflichtung von Aurora Kaas, nachhaltige Landwirtschaft und den Erhalt unserer nat\u00fcrlichen Ressourcen zu f\u00f6rdern. Permakultur ist eine innovative und nachhaltige Gartenbau- und Landwirtschaftsmethode, die auf den Prinzipien der Natur basiert und die Regeneration und Pflege von \u00f6kologisch ausgewogenen Systemen in den Mittelpunkt stellt.<\/p>\n\n\n\n<p><br>Der Garten in Rees ist eines der Projekte des Vereins und f\u00f6rdert die Erforschung und Umsetzung regenerativer Landwirtschaftsmethoden und bietet Workshops und Mitmachaktionen, um nachhaltige Praktiken bei der Verarbeitung der Lebensmittel und den sparsamen Umgang mit Wasser zu erlernen. Der Gemeinschaftsgarten im \u00f6ffentlichen Raum erm\u00f6glicht es den Anwohnern, aktiv an der Gestaltung teilzunehmen und sensibilisiert f\u00fcr die Herkunft und Produktion von Nahrungs-mitteln. Gleichzeitig betont er traditionelle Kulturformen und den eigen-verantwortlichen Umgang mit Ressourcen zur F\u00f6rderung der Biodiversit\u00e4t. Der entstehende Lernort wird Teil des schulischen und au\u00dferschulischen Bildungs-angebots des Permakultur-Vereins und leistet einen wertvollen Beitrag zur F\u00f6rderung der Biodiversit\u00e4t.<\/p>\n\n\n\n<p><br>Aurora Kaas, als f\u00fchrender Biok\u00e4sehersteller, ist ein perfekter Partner f\u00fcr den Verein Permakultur Niederrhein e.V.. Beide teilen eine gemeinsame Leidenschaft f\u00fcr die nachhaltige Landwirtschaft und den Schutz der Umwelt. Permakultur, als eine innovative und nachhaltige Landwirtschaftsmethode, spiegelt die Werte und Ziele von Aurora Kaas wider, die in der Produktion von biologischem K\u00e4se f\u00fchrend sind.<\/p>\n\n\n\n<p><br>Der Vorsitzende des Vereins Permakultur Niederrhein e.V., Christopher Henrichs, erkl\u00e4rte: &#8222;Die gro\u00dfz\u00fcgige Spende von Aurora Kaas ist ein wertvoller Beitrag zur F\u00f6rderung unserer Bem\u00fchungen im Umwelt- und Naturschutz. Die Partnerschaft mit Aurora Kaas, einem Unternehmen, das sich in seiner Produktion und Gesch\u00e4fts-t\u00e4tigkeit f\u00fcr Nachhaltigkeit und \u00f6kologische Verantwortung einsetzt, ist f\u00fcr uns von besonderem Wert.<\/p>\n\n\n\n<p><br>Mit gro\u00dfz\u00fcgigen Spende werden wir weitere Gartenwerkzeuge anschaffen und eine mobilen Aufbewahrungsort f\u00fcr diese. So k\u00f6nnen unser Bildungs- und Fortbildungs-angebot erweitern und mit noch mehr H\u00e4nden wirkungsvoll f\u00fcr den Schutz von Umwelt und Natur zu arbeiten.&#8220;<br>Die Gesch\u00e4ftsf\u00fchrerin von Aurora Kaas, Manon ten Dam, betonte die Bedeutung der Kooperation: &#8222;Bei Aurora Kaas glauben wir fest daran, dass die Verbindung von Umweltschutz und nachhaltiger Landwirtschaft von entscheidender Bedeutung ist. Unsere Spende an den Verein Permakultur Niederrhein e.V. ist ein Ausdruck unseres Engagements f\u00fcr den Schutz von Umwelt und Natur. Wir sind stolz darauf, mit dem Verein zusammenzuarbeiten, um positive Ver\u00e4nderungen in unserer Region zu bewirken und die Werte der Permakultur zu f\u00f6rdern.&#8220;<\/p>\n\n\n\n<p><br>Die Spende von Aurora Kaas wird dazu beitragen, die Bem\u00fchungen des Vereins Permakultur Niederrhein e.V. zur F\u00f6rderung nachhaltiger Landwirtschaft und Umweltschutzinitiativen in der Region zu unterst\u00fctzen. Die Zusammenarbeit zwischen Aurora Kaas und dem Verein unterstreicht die Bedeutung einer partner-schaftlichen Herangehensweise an die Bewahrung unserer Umwelt und der Natur.<\/p>\n\n\n\n<p><\/p>\n","protected":false},"excerpt":{"rendered":"<p>Gemeinsam f\u00fcr Umwelt und Natur: Aurora Kaas f\u00f6rdert Permakultur Niederrhein e.V.Der Kranenburger Biok\u00e4sehersteller Aurora Kaas hat eine gro\u00dfz\u00fcgige Spende in H\u00f6he von 1500 \u20ac an den Verein Permakultur Niederrhein e.V. \u00fcberreicht, um den Schutz von Umwelt und Natur durch die F\u00f6rderung, Weiterentwicklung und Verbreitung von Permakultur zu unterst\u00fctzen. Die Spende wurde von Esther Halfmann, Aurora&#8230;<\/p>\n","protected":false},"author":2,"featured_media":8083,"comment_status":"open","ping_status":"open","sticky":false,"template":"","format":"standard","meta":{"inline_featured_image":false,"_kad_blocks_custom_css":"","_kad_blocks_head_custom_js":"","_kad_blocks_body_custom_js":"","_kad_blocks_footer_custom_js":"","_kadence_starter_templates_imported_post":false,"_kad_post_transparent":"","_kad_post_title":"","_kad_post_layout":"","_kad_post_sidebar_id":"","_kad_post_content_style":"","_kad_post_vertical_padding":"","_kad_post_feature":"","_kad_post_feature_position":"","_kad_post_header":false,"_kad_post_footer":false,"_kad_post_classname":"","footnotes":""},"categories":[249],"tags":[],"class_list":["post-8082","post","type-post","status-publish","format-standard","has-post-thumbnail","hentry","category-neuigkeiten"],"yoast_head":"<!-- This site is optimized with the Yoast SEO plugin v27.4 - https:\/\/yoast.com\/product\/yoast-seo-wordpress\/ -->\n<title>Gemeinsam f\u00fcr Umwelt und Natur: Aurora Kaas f\u00f6rdert Permakultur Niederrhein e.V. - Aurora kaas<\/title>\n<meta name=\"robots\" content=\"index, follow, max-snippet:-1, max-image-preview:large, max-video-preview:-1\" \/>\n<link rel=\"canonical\" href=\"https:\/\/aurora-kaas.com\/de\/gemeinsam-fuer-umwelt-und-natur-aurora-kaas-foerdert-permakultur-niederrhein-e-v\/\" \/>\n<meta property=\"og:locale\" content=\"de_DE\" \/>\n<meta property=\"og:type\" content=\"article\" \/>\n<meta property=\"og:title\" content=\"Gemeinsam f\u00fcr Umwelt und Natur: Aurora Kaas f\u00f6rdert Permakultur Niederrhein e.V. - Aurora kaas\" \/>\n<meta property=\"og:description\" content=\"Gemeinsam f\u00fcr Umwelt und Natur: Aurora Kaas f\u00f6rdert Permakultur Niederrhein e.V.Der Kranenburger Biok\u00e4sehersteller Aurora Kaas hat eine gro\u00dfz\u00fcgige Spende in H\u00f6he von 1500 \u20ac an den Verein Permakultur Niederrhein e.V. \u00fcberreicht, um den Schutz von Umwelt und Natur durch die F\u00f6rderung, Weiterentwicklung und Verbreitung von Permakultur zu unterst\u00fctzen. Die Spende wurde von Esther Halfmann, Aurora...\" \/>\n<meta property=\"og:url\" content=\"https:\/\/aurora-kaas.com\/de\/gemeinsam-fuer-umwelt-und-natur-aurora-kaas-foerdert-permakultur-niederrhein-e-v\/\" \/>\n<meta property=\"og:site_name\" content=\"Aurora kaas\" \/>\n<meta property=\"article:publisher\" content=\"https:\/\/www.facebook.com\/auroracheese\" \/>\n<meta property=\"article:published_time\" content=\"2023-12-12T13:26:41+00:00\" \/>\n<meta property=\"article:modified_time\" content=\"2023-12-12T13:26:42+00:00\" \/>\n<meta property=\"og:image\" content=\"https:\/\/aurora-kaas.com\/wp-content\/uploads\/2023\/12\/Bild-1-Esther-Halfmann-von-Aurora-Kaas-ueberreicht-dem-Vorsitzenden-des-Vereins-Permakultur-Niederrhein-e.V.-Christopher-Henrichs-die-Spende-scaled.jpg\" \/>\n\t<meta property=\"og:image:width\" content=\"2048\" \/>\n\t<meta property=\"og:image:height\" content=\"2560\" \/>\n\t<meta property=\"og:image:type\" content=\"image\/jpeg\" \/>\n<meta name=\"author\" content=\"Janna\" \/>\n<meta name=\"twitter:card\" content=\"summary_large_image\" \/>\n<meta name=\"twitter:label1\" content=\"Verfasst von\" \/>\n\t<meta name=\"twitter:data1\" content=\"Janna\" \/>\n\t<meta name=\"twitter:label2\" content=\"Gesch\u00e4tzte Lesezeit\" \/>\n\t<meta name=\"twitter:data2\" content=\"3\u00a0Minuten\" \/>\n<script type=\"application\/ld+json\" class=\"yoast-schema-graph\">{\"@context\":\"https:\\\/\\\/schema.org\",\"@graph\":[{\"@type\":\"Article\",\"@id\":\"https:\\\/\\\/aurora-kaas.com\\\/de\\\/gemeinsam-fuer-umwelt-und-natur-aurora-kaas-foerdert-permakultur-niederrhein-e-v\\\/#article\",\"isPartOf\":{\"@id\":\"https:\\\/\\\/aurora-kaas.com\\\/de\\\/gemeinsam-fuer-umwelt-und-natur-aurora-kaas-foerdert-permakultur-niederrhein-e-v\\\/\"},\"author\":{\"name\":\"Janna\",\"@id\":\"https:\\\/\\\/aurora-kaas.com\\\/de\\\/#\\\/schema\\\/person\\\/f537361d64d8c7c2221c9f6b104ac6f2\"},\"headline\":\"Gemeinsam f\u00fcr Umwelt und Natur: Aurora Kaas f\u00f6rdert Permakultur Niederrhein e.V.\",\"datePublished\":\"2023-12-12T13:26:41+00:00\",\"dateModified\":\"2023-12-12T13:26:42+00:00\",\"mainEntityOfPage\":{\"@id\":\"https:\\\/\\\/aurora-kaas.com\\\/de\\\/gemeinsam-fuer-umwelt-und-natur-aurora-kaas-foerdert-permakultur-niederrhein-e-v\\\/\"},\"wordCount\":545,\"commentCount\":0,\"publisher\":{\"@id\":\"https:\\\/\\\/aurora-kaas.com\\\/de\\\/#organization\"},\"image\":{\"@id\":\"https:\\\/\\\/aurora-kaas.com\\\/de\\\/gemeinsam-fuer-umwelt-und-natur-aurora-kaas-foerdert-permakultur-niederrhein-e-v\\\/#primaryimage\"},\"thumbnailUrl\":\"https:\\\/\\\/aurora-kaas.com\\\/wp-content\\\/uploads\\\/2023\\\/12\\\/Bild-1-Esther-Halfmann-von-Aurora-Kaas-ueberreicht-dem-Vorsitzenden-des-Vereins-Permakultur-Niederrhein-e.V.-Christopher-Henrichs-die-Spende-scaled.jpg\",\"articleSection\":[\"Neuigkeiten\"],\"inLanguage\":\"de\",\"potentialAction\":[{\"@type\":\"CommentAction\",\"name\":\"Comment\",\"target\":[\"https:\\\/\\\/aurora-kaas.com\\\/de\\\/gemeinsam-fuer-umwelt-und-natur-aurora-kaas-foerdert-permakultur-niederrhein-e-v\\\/#respond\"]}]},{\"@type\":\"WebPage\",\"@id\":\"https:\\\/\\\/aurora-kaas.com\\\/de\\\/gemeinsam-fuer-umwelt-und-natur-aurora-kaas-foerdert-permakultur-niederrhein-e-v\\\/\",\"url\":\"https:\\\/\\\/aurora-kaas.com\\\/de\\\/gemeinsam-fuer-umwelt-und-natur-aurora-kaas-foerdert-permakultur-niederrhein-e-v\\\/\",\"name\":\"Gemeinsam f\u00fcr Umwelt und Natur: Aurora Kaas f\u00f6rdert Permakultur Niederrhein e.V. - Aurora kaas\",\"isPartOf\":{\"@id\":\"https:\\\/\\\/aurora-kaas.com\\\/de\\\/#website\"},\"primaryImageOfPage\":{\"@id\":\"https:\\\/\\\/aurora-kaas.com\\\/de\\\/gemeinsam-fuer-umwelt-und-natur-aurora-kaas-foerdert-permakultur-niederrhein-e-v\\\/#primaryimage\"},\"image\":{\"@id\":\"https:\\\/\\\/aurora-kaas.com\\\/de\\\/gemeinsam-fuer-umwelt-und-natur-aurora-kaas-foerdert-permakultur-niederrhein-e-v\\\/#primaryimage\"},\"thumbnailUrl\":\"https:\\\/\\\/aurora-kaas.com\\\/wp-content\\\/uploads\\\/2023\\\/12\\\/Bild-1-Esther-Halfmann-von-Aurora-Kaas-ueberreicht-dem-Vorsitzenden-des-Vereins-Permakultur-Niederrhein-e.V.-Christopher-Henrichs-die-Spende-scaled.jpg\",\"datePublished\":\"2023-12-12T13:26:41+00:00\",\"dateModified\":\"2023-12-12T13:26:42+00:00\",\"breadcrumb\":{\"@id\":\"https:\\\/\\\/aurora-kaas.com\\\/de\\\/gemeinsam-fuer-umwelt-und-natur-aurora-kaas-foerdert-permakultur-niederrhein-e-v\\\/#breadcrumb\"},\"inLanguage\":\"de\",\"potentialAction\":[{\"@type\":\"ReadAction\",\"target\":[\"https:\\\/\\\/aurora-kaas.com\\\/de\\\/gemeinsam-fuer-umwelt-und-natur-aurora-kaas-foerdert-permakultur-niederrhein-e-v\\\/\"]}]},{\"@type\":\"ImageObject\",\"inLanguage\":\"de\",\"@id\":\"https:\\\/\\\/aurora-kaas.com\\\/de\\\/gemeinsam-fuer-umwelt-und-natur-aurora-kaas-foerdert-permakultur-niederrhein-e-v\\\/#primaryimage\",\"url\":\"https:\\\/\\\/aurora-kaas.com\\\/wp-content\\\/uploads\\\/2023\\\/12\\\/Bild-1-Esther-Halfmann-von-Aurora-Kaas-ueberreicht-dem-Vorsitzenden-des-Vereins-Permakultur-Niederrhein-e.V.-Christopher-Henrichs-die-Spende-scaled.jpg\",\"contentUrl\":\"https:\\\/\\\/aurora-kaas.com\\\/wp-content\\\/uploads\\\/2023\\\/12\\\/Bild-1-Esther-Halfmann-von-Aurora-Kaas-ueberreicht-dem-Vorsitzenden-des-Vereins-Permakultur-Niederrhein-e.V.-Christopher-Henrichs-die-Spende-scaled.jpg\",\"width\":2048,\"height\":2560},{\"@type\":\"BreadcrumbList\",\"@id\":\"https:\\\/\\\/aurora-kaas.com\\\/de\\\/gemeinsam-fuer-umwelt-und-natur-aurora-kaas-foerdert-permakultur-niederrhein-e-v\\\/#breadcrumb\",\"itemListElement\":[{\"@type\":\"ListItem\",\"position\":1,\"name\":\"Startseite\",\"item\":\"https:\\\/\\\/aurora-kaas.com\\\/de\\\/\"},{\"@type\":\"ListItem\",\"position\":2,\"name\":\"Gemeinsam f\u00fcr Umwelt und Natur: Aurora Kaas f\u00f6rdert Permakultur Niederrhein e.V.\"}]},{\"@type\":\"WebSite\",\"@id\":\"https:\\\/\\\/aurora-kaas.com\\\/de\\\/#website\",\"url\":\"https:\\\/\\\/aurora-kaas.com\\\/de\\\/\",\"name\":\"Aurora Kaas\",\"description\":\"Biok\u00e4se vom Niederrhein\",\"publisher\":{\"@id\":\"https:\\\/\\\/aurora-kaas.com\\\/de\\\/#organization\"},\"potentialAction\":[{\"@type\":\"SearchAction\",\"target\":{\"@type\":\"EntryPoint\",\"urlTemplate\":\"https:\\\/\\\/aurora-kaas.com\\\/de\\\/?s={search_term_string}\"},\"query-input\":{\"@type\":\"PropertyValueSpecification\",\"valueRequired\":true,\"valueName\":\"search_term_string\"}}],\"inLanguage\":\"de\"},{\"@type\":\"Organization\",\"@id\":\"https:\\\/\\\/aurora-kaas.com\\\/de\\\/#organization\",\"name\":\"Aurora Kaas GmbH\",\"url\":\"https:\\\/\\\/aurora-kaas.com\\\/de\\\/\",\"logo\":{\"@type\":\"ImageObject\",\"inLanguage\":\"de\",\"@id\":\"https:\\\/\\\/aurora-kaas.com\\\/de\\\/#\\\/schema\\\/logo\\\/image\\\/\",\"url\":\"https:\\\/\\\/aurora-kaas.com\\\/wp-content\\\/uploads\\\/2022\\\/03\\\/logo.svg\",\"contentUrl\":\"https:\\\/\\\/aurora-kaas.com\\\/wp-content\\\/uploads\\\/2022\\\/03\\\/logo.svg\",\"width\":155,\"height\":82,\"caption\":\"Aurora Kaas GmbH\"},\"image\":{\"@id\":\"https:\\\/\\\/aurora-kaas.com\\\/de\\\/#\\\/schema\\\/logo\\\/image\\\/\"},\"sameAs\":[\"https:\\\/\\\/www.facebook.com\\\/auroracheese\",\"https:\\\/\\\/www.instagram.com\\\/aurora_kaas\\\/\"]},{\"@type\":\"Person\",\"@id\":\"https:\\\/\\\/aurora-kaas.com\\\/de\\\/#\\\/schema\\\/person\\\/f537361d64d8c7c2221c9f6b104ac6f2\",\"name\":\"Janna\",\"image\":{\"@type\":\"ImageObject\",\"inLanguage\":\"de\",\"@id\":\"https:\\\/\\\/secure.gravatar.com\\\/avatar\\\/4c5c3f1fc1ff3c8c4e3cdc8daa03a4d7fc6093a6ceef51152dc2003580ee38cf?s=96&d=mm&r=g\",\"url\":\"https:\\\/\\\/secure.gravatar.com\\\/avatar\\\/4c5c3f1fc1ff3c8c4e3cdc8daa03a4d7fc6093a6ceef51152dc2003580ee38cf?s=96&d=mm&r=g\",\"contentUrl\":\"https:\\\/\\\/secure.gravatar.com\\\/avatar\\\/4c5c3f1fc1ff3c8c4e3cdc8daa03a4d7fc6093a6ceef51152dc2003580ee38cf?s=96&d=mm&r=g\",\"caption\":\"Janna\"},\"url\":\"https:\\\/\\\/aurora-kaas.com\\\/de\\\/author\\\/janna\\\/\"}]}<\/script>\n<!-- \/ Yoast SEO plugin. -->","yoast_head_json":{"title":"Gemeinsam f\u00fcr Umwelt und Natur: Aurora Kaas f\u00f6rdert Permakultur Niederrhein e.V. - Aurora kaas","robots":{"index":"index","follow":"follow","max-snippet":"max-snippet:-1","max-image-preview":"max-image-preview:large","max-video-preview":"max-video-preview:-1"},"canonical":"https:\/\/aurora-kaas.com\/de\/gemeinsam-fuer-umwelt-und-natur-aurora-kaas-foerdert-permakultur-niederrhein-e-v\/","og_locale":"de_DE","og_type":"article","og_title":"Gemeinsam f\u00fcr Umwelt und Natur: Aurora Kaas f\u00f6rdert Permakultur Niederrhein e.V. - Aurora kaas","og_description":"Gemeinsam f\u00fcr Umwelt und Natur: Aurora Kaas f\u00f6rdert Permakultur Niederrhein e.V.Der Kranenburger Biok\u00e4sehersteller Aurora Kaas hat eine gro\u00dfz\u00fcgige Spende in H\u00f6he von 1500 \u20ac an den Verein Permakultur Niederrhein e.V. \u00fcberreicht, um den Schutz von Umwelt und Natur durch die F\u00f6rderung, Weiterentwicklung und Verbreitung von Permakultur zu unterst\u00fctzen. Die Spende wurde von Esther Halfmann, Aurora...","og_url":"https:\/\/aurora-kaas.com\/de\/gemeinsam-fuer-umwelt-und-natur-aurora-kaas-foerdert-permakultur-niederrhein-e-v\/","og_site_name":"Aurora kaas","article_publisher":"https:\/\/www.facebook.com\/auroracheese","article_published_time":"2023-12-12T13:26:41+00:00","article_modified_time":"2023-12-12T13:26:42+00:00","og_image":[{"width":2048,"height":2560,"url":"https:\/\/aurora-kaas.com\/wp-content\/uploads\/2023\/12\/Bild-1-Esther-Halfmann-von-Aurora-Kaas-ueberreicht-dem-Vorsitzenden-des-Vereins-Permakultur-Niederrhein-e.V.-Christopher-Henrichs-die-Spende-scaled.jpg","type":"image\/jpeg"}],"author":"Janna","twitter_card":"summary_large_image","twitter_misc":{"Verfasst von":"Janna","Gesch\u00e4tzte Lesezeit":"3\u00a0Minuten"},"schema":{"@context":"https:\/\/schema.org","@graph":[{"@type":"Article","@id":"https:\/\/aurora-kaas.com\/de\/gemeinsam-fuer-umwelt-und-natur-aurora-kaas-foerdert-permakultur-niederrhein-e-v\/#article","isPartOf":{"@id":"https:\/\/aurora-kaas.com\/de\/gemeinsam-fuer-umwelt-und-natur-aurora-kaas-foerdert-permakultur-niederrhein-e-v\/"},"author":{"name":"Janna","@id":"https:\/\/aurora-kaas.com\/de\/#\/schema\/person\/f537361d64d8c7c2221c9f6b104ac6f2"},"headline":"Gemeinsam f\u00fcr Umwelt und Natur: Aurora Kaas f\u00f6rdert Permakultur Niederrhein e.V.","datePublished":"2023-12-12T13:26:41+00:00","dateModified":"2023-12-12T13:26:42+00:00","mainEntityOfPage":{"@id":"https:\/\/aurora-kaas.com\/de\/gemeinsam-fuer-umwelt-und-natur-aurora-kaas-foerdert-permakultur-niederrhein-e-v\/"},"wordCount":545,"commentCount":0,"publisher":{"@id":"https:\/\/aurora-kaas.com\/de\/#organization"},"image":{"@id":"https:\/\/aurora-kaas.com\/de\/gemeinsam-fuer-umwelt-und-natur-aurora-kaas-foerdert-permakultur-niederrhein-e-v\/#primaryimage"},"thumbnailUrl":"https:\/\/aurora-kaas.com\/wp-content\/uploads\/2023\/12\/Bild-1-Esther-Halfmann-von-Aurora-Kaas-ueberreicht-dem-Vorsitzenden-des-Vereins-Permakultur-Niederrhein-e.V.-Christopher-Henrichs-die-Spende-scaled.jpg","articleSection":["Neuigkeiten"],"inLanguage":"de","potentialAction":[{"@type":"CommentAction","name":"Comment","target":["https:\/\/aurora-kaas.com\/de\/gemeinsam-fuer-umwelt-und-natur-aurora-kaas-foerdert-permakultur-niederrhein-e-v\/#respond"]}]},{"@type":"WebPage","@id":"https:\/\/aurora-kaas.com\/de\/gemeinsam-fuer-umwelt-und-natur-aurora-kaas-foerdert-permakultur-niederrhein-e-v\/","url":"https:\/\/aurora-kaas.com\/de\/gemeinsam-fuer-umwelt-und-natur-aurora-kaas-foerdert-permakultur-niederrhein-e-v\/","name":"Gemeinsam f\u00fcr Umwelt und Natur: Aurora Kaas f\u00f6rdert Permakultur Niederrhein e.V. - Aurora kaas","isPartOf":{"@id":"https:\/\/aurora-kaas.com\/de\/#website"},"primaryImageOfPage":{"@id":"https:\/\/aurora-kaas.com\/de\/gemeinsam-fuer-umwelt-und-natur-aurora-kaas-foerdert-permakultur-niederrhein-e-v\/#primaryimage"},"image":{"@id":"https:\/\/aurora-kaas.com\/de\/gemeinsam-fuer-umwelt-und-natur-aurora-kaas-foerdert-permakultur-niederrhein-e-v\/#primaryimage"},"thumbnailUrl":"https:\/\/aurora-kaas.com\/wp-content\/uploads\/2023\/12\/Bild-1-Esther-Halfmann-von-Aurora-Kaas-ueberreicht-dem-Vorsitzenden-des-Vereins-Permakultur-Niederrhein-e.V.-Christopher-Henrichs-die-Spende-scaled.jpg","datePublished":"2023-12-12T13:26:41+00:00","dateModified":"2023-12-12T13:26:42+00:00","breadcrumb":{"@id":"https:\/\/aurora-kaas.com\/de\/gemeinsam-fuer-umwelt-und-natur-aurora-kaas-foerdert-permakultur-niederrhein-e-v\/#breadcrumb"},"inLanguage":"de","potentialAction":[{"@type":"ReadAction","target":["https:\/\/aurora-kaas.com\/de\/gemeinsam-fuer-umwelt-und-natur-aurora-kaas-foerdert-permakultur-niederrhein-e-v\/"]}]},{"@type":"ImageObject","inLanguage":"de","@id":"https:\/\/aurora-kaas.com\/de\/gemeinsam-fuer-umwelt-und-natur-aurora-kaas-foerdert-permakultur-niederrhein-e-v\/#primaryimage","url":"https:\/\/aurora-kaas.com\/wp-content\/uploads\/2023\/12\/Bild-1-Esther-Halfmann-von-Aurora-Kaas-ueberreicht-dem-Vorsitzenden-des-Vereins-Permakultur-Niederrhein-e.V.-Christopher-Henrichs-die-Spende-scaled.jpg","contentUrl":"https:\/\/aurora-kaas.com\/wp-content\/uploads\/2023\/12\/Bild-1-Esther-Halfmann-von-Aurora-Kaas-ueberreicht-dem-Vorsitzenden-des-Vereins-Permakultur-Niederrhein-e.V.-Christopher-Henrichs-die-Spende-scaled.jpg","width":2048,"height":2560},{"@type":"BreadcrumbList","@id":"https:\/\/aurora-kaas.com\/de\/gemeinsam-fuer-umwelt-und-natur-aurora-kaas-foerdert-permakultur-niederrhein-e-v\/#breadcrumb","itemListElement":[{"@type":"ListItem","position":1,"name":"Startseite","item":"https:\/\/aurora-kaas.com\/de\/"},{"@type":"ListItem","position":2,"name":"Gemeinsam f\u00fcr Umwelt und Natur: Aurora Kaas f\u00f6rdert Permakultur Niederrhein e.V."}]},{"@type":"WebSite","@id":"https:\/\/aurora-kaas.com\/de\/#website","url":"https:\/\/aurora-kaas.com\/de\/","name":"Aurora Kaas","description":"Biok\u00e4se vom Niederrhein","publisher":{"@id":"https:\/\/aurora-kaas.com\/de\/#organization"},"potentialAction":[{"@type":"SearchAction","target":{"@type":"EntryPoint","urlTemplate":"https:\/\/aurora-kaas.com\/de\/?s={search_term_string}"},"query-input":{"@type":"PropertyValueSpecification","valueRequired":true,"valueName":"search_term_string"}}],"inLanguage":"de"},{"@type":"Organization","@id":"https:\/\/aurora-kaas.com\/de\/#organization","name":"Aurora Kaas GmbH","url":"https:\/\/aurora-kaas.com\/de\/","logo":{"@type":"ImageObject","inLanguage":"de","@id":"https:\/\/aurora-kaas.com\/de\/#\/schema\/logo\/image\/","url":"https:\/\/aurora-kaas.com\/wp-content\/uploads\/2022\/03\/logo.svg","contentUrl":"https:\/\/aurora-kaas.com\/wp-content\/uploads\/2022\/03\/logo.svg","width":155,"height":82,"caption":"Aurora Kaas GmbH"},"image":{"@id":"https:\/\/aurora-kaas.com\/de\/#\/schema\/logo\/image\/"},"sameAs":["https:\/\/www.facebook.com\/auroracheese","https:\/\/www.instagram.com\/aurora_kaas\/"]},{"@type":"Person","@id":"https:\/\/aurora-kaas.com\/de\/#\/schema\/person\/f537361d64d8c7c2221c9f6b104ac6f2","name":"Janna","image":{"@type":"ImageObject","inLanguage":"de","@id":"https:\/\/secure.gravatar.com\/avatar\/4c5c3f1fc1ff3c8c4e3cdc8daa03a4d7fc6093a6ceef51152dc2003580ee38cf?s=96&d=mm&r=g","url":"https:\/\/secure.gravatar.com\/avatar\/4c5c3f1fc1ff3c8c4e3cdc8daa03a4d7fc6093a6ceef51152dc2003580ee38cf?s=96&d=mm&r=g","contentUrl":"https:\/\/secure.gravatar.com\/avatar\/4c5c3f1fc1ff3c8c4e3cdc8daa03a4d7fc6093a6ceef51152dc2003580ee38cf?s=96&d=mm&r=g","caption":"Janna"},"url":"https:\/\/aurora-kaas.com\/de\/author\/janna\/"}]}},"taxonomy_info":{"category":[{"value":249,"label":"Neuigkeiten"}]},"featured_image_src_large":["https:\/\/aurora-kaas.com\/wp-content\/uploads\/2023\/12\/Bild-1-Esther-Halfmann-von-Aurora-Kaas-ueberreicht-dem-Vorsitzenden-des-Vereins-Permakultur-Niederrhein-e.V.-Christopher-Henrichs-die-Spende-819x1024.jpg",819,1024,true],"author_info":{"display_name":"Janna","author_link":"https:\/\/aurora-kaas.com\/de\/author\/janna\/"},"comment_info":0,"category_info":[{"term_id":249,"name":"Neuigkeiten","slug":"neuigkeiten","term_group":0,"term_taxonomy_id":249,"taxonomy":"category","description":"","parent":0,"count":24,"filter":"raw","cat_ID":249,"category_count":24,"category_description":"","cat_name":"Neuigkeiten","category_nicename":"neuigkeiten","category_parent":0}],"tag_info":false,"_links":{"self":[{"href":"https:\/\/aurora-kaas.com\/de\/wp-json\/wp\/v2\/posts\/8082","targetHints":{"allow":["GET"]}}],"collection":[{"href":"https:\/\/aurora-kaas.com\/de\/wp-json\/wp\/v2\/posts"}],"about":[{"href":"https:\/\/aurora-kaas.com\/de\/wp-json\/wp\/v2\/types\/post"}],"author":[{"embeddable":true,"href":"https:\/\/aurora-kaas.com\/de\/wp-json\/wp\/v2\/users\/2"}],"replies":[{"embeddable":true,"href":"https:\/\/aurora-kaas.com\/de\/wp-json\/wp\/v2\/comments?post=8082"}],"version-history":[{"count":1,"href":"https:\/\/aurora-kaas.com\/de\/wp-json\/wp\/v2\/posts\/8082\/revisions"}],"predecessor-version":[{"id":8086,"href":"https:\/\/aurora-kaas.com\/de\/wp-json\/wp\/v2\/posts\/8082\/revisions\/8086"}],"wp:featuredmedia":[{"embeddable":true,"href":"https:\/\/aurora-kaas.com\/de\/wp-json\/wp\/v2\/media\/8083"}],"wp:attachment":[{"href":"https:\/\/aurora-kaas.com\/de\/wp-json\/wp\/v2\/media?parent=8082"}],"wp:term":[{"taxonomy":"category","embeddable":true,"href":"https:\/\/aurora-kaas.com\/de\/wp-json\/wp\/v2\/categories?post=8082"},{"taxonomy":"post_tag","embeddable":true,"href":"https:\/\/aurora-kaas.com\/de\/wp-json\/wp\/v2\/tags?post=8082"}],"curies":[{"name":"wp","href":"https:\/\/api.w.org\/{rel}","templated":true}]}}